{"id":974,"date":"2023-01-03T13:19:09","date_gmt":"2023-01-03T12:19:09","guid":{"rendered":"https:\/\/asesoriapellicer.es\/noves-mesures-contra-la-inflacio-rebaixa-de-liva-daliments-xec-200-euros-ajuts-de-transport\/"},"modified":"2023-01-03T13:19:09","modified_gmt":"2023-01-03T12:19:09","slug":"noves-mesures-contra-la-inflacio-rebaixa-de-liva-daliments-xec-200-euros-ajuts-de-transport","status":"publish","type":"post","link":"https:\/\/asesoriapellicer.es\/ca\/noves-mesures-contra-la-inflacio-rebaixa-de-liva-daliments-xec-200-euros-ajuts-de-transport\/","title":{"rendered":"Noves mesures contra la inflaci\u00f3: rebaixa de l\u2019IVA d\u2019aliments, xec 200 euros, ajuts de transport."},"content":{"rendered":"<p>Al BOE del dia 28 de desembre s\u2019ha publicat el Reial decret llei 20\/2022, de 27 de desembre, de mesures de resposta a les conseq\u00fc\u00e8ncies econ\u00f2miques i socials de la guerra d\u2019Ucra\u00efna i de suport a la reconstrucci\u00f3 de l\u2019illa de la Palma i a altres situacions de vulnerabilitat, amb entrada en vigor el mateix dia de la seva publicaci\u00f3. <\/p>\n<hr>\n<p> Al BOE del 28 de desembre de 2022, s\u2019ha publicat el <strong>Reial decret llei 20\/2022, de 27 de desembre<\/strong>, de <strong>mesures de resposta<\/strong> a les conseq\u00fc\u00e8ncies econ\u00f2miques i socials de la <strong>guerra d\u2019Ucra\u00efna<\/strong> i de <strong>suport a la reconstrucci\u00f3 de l\u2019illa de la Palma<\/strong> i a <strong>altres situacions de vulnerabilitat<\/strong> (RDL 20\/2022). Aquest Reial decret llei dona continu\u00eftat al Pla nacional de resposta a la guerra de R\u00fassia a Ucra\u00efna aprovat pel Govern el mes de mar\u00e7 passat, prorrogat i ampliat amb normes posteriors, per a reduir la inflaci\u00f3 i adaptar l\u2019economia espanyola al nou entorn econ\u00f2mic, alhora que refor\u00e7a una xarxa de protecci\u00f3 per als col\u00b7lectius vulnerables i els sectors m\u00e9s afectats. En l\u2019\u00e0mbit fiscal s\u00f3n diverses les mesures que s\u2019adopten, destacant la supressi\u00f3 de l\u2019IVA dels productes frescos que ja tenien el tipus redu\u00eft i la reducci\u00f3 del tipus impositiu de l\u2019oli i les pastes. A continuaci\u00f3 es recullen les     <strong>principals mesures fiscals<\/strong> que s\u2019adopten en el citat RDL 20\/2022: <strong>I. Mesures en mat\u00e8ria de fiscalitat energ\u00e8tica<\/strong><\/p>\n<p><strong>IMPOST SOBRE EL VALOR AFEGIT<\/strong><\/p>\n<p><strong>Es mant\u00e9 la reducci\u00f3 del tipus impositiu de l\u2019IVA en els subministraments del gas natural, p\u00e8l\u00b7lets, briquetes i llenya<\/strong> L\u2019article 1 del RDL 20\/2022 fixa amb efectes des de l\u20191 de gener de 2023 i vig\u00e8ncia fins al 31 de desembre de 2023, en el 5% el tipus impositiu de l\u2019IVA als lliuraments, importacions i adquisicions intracomunit\u00e0ries de gas natural, briquetes i p\u00e8l\u00b7lets procedents de la biomassa i a la fusta per a llenya. Com deveu recordar el Reial decret llei 17\/2022, de 20 de setembre, ja va fixar amb efectes des de l\u20191 d\u2019octubre de 2022 i vig\u00e8ncia fins al 31 de desembre de 2022, aquest mateix tipus impositiu per a aquests mateixos subministraments. Aix\u00ed mateix, s\u2019estableix que, amb efectes des de l\u20191 de gener de 2023 i vig\u00e8ncia fins al 31 de desembre de 2023, el tipus del rec\u00e0rrec d\u2019equival\u00e8ncia aplicable als lliuraments de briquetes i p\u00e8l\u00b7lets procedents de la biomassa i a la fusta per a llenya ser\u00e0 el 0,625%. <strong>Es mant\u00e9 la reducci\u00f3 del tipus impositiu de l\u2019IVA de l\u2019energia el\u00e8ctrica<\/strong> L\u2019article 3 del RDL 20\/2022 modifica l\u2019article 18 del Reial decret llei 11\/2022, de 25 de juny, per prorrogar fins al 31 de desembre de 2023 el tipus impositiu de l\u2019IVA del 5% als lliuraments, importacions i adquisicions intracomunit\u00e0ries d\u2019energia el\u00e8ctrica efectuades a favor de:    <\/p>\n<ul>\n<li>Titulars de contractes de subministrament d\u2019electricitat, la pot\u00e8ncia contractada de la qual (terme fix de pot\u00e8ncia) sigui inferior o igual a 10 kW, amb independ\u00e8ncia del nivell de tensi\u00f3 del subministrament i la modalitat de contractaci\u00f3, sempre que el preu mitj\u00e0 aritm\u00e8tic del mercat diari corresponent a l\u2019\u00faltim mes natural anterior al de l\u2019\u00faltim dia del per\u00edode de facturaci\u00f3 hagi superat els 45 \u20ac\/MW h.<\/li>\n<\/ul>\n<ul>\n<li>Titulars de contractes de subministrament d\u2019electricitat perceptors del bo social d\u2019electricitat i tinguin reconeguda la condici\u00f3 de vulnerable extrem o vulnerable extrem en risc d\u2019exclusi\u00f3 social conforme al que es disposa en el Reial decret 897\/2017, de 6 d\u2019octubre.<\/li>\n<\/ul>\n<p><strong>Es mant\u00e9 la reducci\u00f3 del tipus impositiu de l\u2019IVA de les m\u00e0scares quir\u00fargiques d\u2019un sol \u00fas<\/strong> L\u2019article 2 del RDL 20\/2022 modifica, amb efectes des de l\u20191 de gener de 2023, la disposici\u00f3 addicional primera del Reial decret llei 29\/2021, de 21 de desembre, per a prorrogar fins al 30 de juny de 2023 l\u2019aplicaci\u00f3 del tipus impositiu del 4% de l\u2019IVA als lliuraments, importacions i adquisicions intracomunit\u00e0ries de les m\u00e0scares quir\u00fargiques d\u2019un sol \u00fas referides en l\u2019Acord de la Comissi\u00f3 Interministerial de Preus dels Medicaments, de 12 de novembre de 2020, prevista en l\u2019article 7 del Reial decret llei 34\/2020, de 17 de novembre. <strong>Es mant\u00e9 la reducci\u00f3 del tipus impositiu de l\u2019IVA de determinats b\u00e9ns i prestacions de serveis necessaris per a combatre els efectes del SARS-CoV-2<\/strong> L\u2019article 2 del RDL 20\/2022 modifica, amb efectes des de l\u20191 de gener de 2023, la disposici\u00f3 addicional primera del Reial decret llei 29\/2021, de 21 de desembre, per a prorrogar fins al 30 de juny de 2023 l\u2019aplicaci\u00f3 del tipus impositiu del 0% de l\u2019IVA als lliuraments, importacions i adquisicions intracomunit\u00e0ries de determinats b\u00e9ns i prestacions de serveis necessaris per a combatre els efectes del SARS-CoV-2, aix\u00ed com a l\u2019efecte del r\u00e8gim especial del rec\u00e0rrec d\u2019equival\u00e8ncia, prevista en la disposici\u00f3 final setena del Reial decret llei 35\/2020,de 22 de desembre. <strong>IMPOST ESPECIAL SOBRE L\u2019ELECTRICITAT<\/strong><strong>Es mant\u00e9 la reducci\u00f3 del tipus impositiu de l\u2019impost especial sobre l\u2019electricitat<\/strong> L\u2019article 2 del RDL 20\/2022 modifica, amb efectes des de l\u20191 de gener de 2023, la disposici\u00f3 addicional primera del Reial decret llei 29\/2021, de 21 de desembre, per a prorrogar fins al 30 de desembre de 2023 l\u2019aplicaci\u00f3 del tipus impositiu del 0,5%. <strong>IMPOST SOBRE EL VALOR DE LA PRODUCCI\u00d3 D\u2019ENERGIA EL\u00c8CTRICA<\/strong><strong>Es mant\u00e9 la suspensi\u00f3 temporal de l\u2019impost durant 2023<\/strong> L\u2019article 5 del RDL 20\/2022, mant\u00e9 per a l\u2019exercici 2023 la suspensi\u00f3 temporal de l\u2019impost sobre el valor de la producci\u00f3 de l\u2019energia el\u00e8ctrica (IVPEE).   <strong>II. Mesures fiscals d\u2019impuls de l\u2019activitat i manteniment de l\u2019estabilitat econ\u00f2mica i social <\/strong><\/p>\n<p><strong>IMPOST SOBRE EL VALOR AFEGIT<\/strong><strong>Reducci\u00f3 del tipus impositiu de l\u2019IVA dels olis d\u2019oliva i de llavors i de les pastes alimentoses<\/strong> Amb efectes des de l\u20191 de gener de 2023 i vig\u00e8ncia fins al 30 de juny de 2023 es redueix al 5% el tipus impositiu de l\u2019IVA als lliuraments, importacions i adquisicions intracomunit\u00e0ries dels seg\u00fcents productes: <\/p>\n<ul>\n<li>Els olis d\u2019oliva i de llavors.<\/li>\n<\/ul>\n<ul>\n<li>Les pastes alimentoses.<\/li>\n<\/ul>\n<p> El tipus del rec\u00e0rrec d\u2019equival\u00e8ncia aplicable a aquestes operacions ser\u00e0 del 0,625%. A partir de l\u20191 de maig de 2023 el tipus impositiu aplicable ser\u00e0 el 10% en el cas que la taxa interanual de la inflaci\u00f3 subjacent del mes de mar\u00e7, publicada a l\u2019abril, sigui inferior al 5,5%. En aquest cas, el tipus del rec\u00e0rrec d\u2019equival\u00e8ncia aplicable a aquestes operacions ser\u00e0 de l\u20191,4%. <strong>Supressi\u00f3 de l\u2019IVA de determinats productes frescos<\/strong> Amb efectes des de l\u20191 de gener de 2023 i vig\u00e8ncia fins al 30 de juny de 2023 es redueix al 0% el tipus impositiu de l\u2019IVA als lliuraments, importacions i adquisicions intracomunit\u00e0ries dels seg\u00fcents productes:   <\/p>\n<ul>\n<li>El pa com\u00fa, aix\u00ed com la massa de pa com\u00fa congelada i el pa com\u00fa congelat destinats exclusivament a l\u2019elaboraci\u00f3 del pa com\u00fa.<\/li>\n<\/ul>\n<ul>\n<li>Les farines panificables.<\/li>\n<\/ul>\n<ul>\n<li>Els seg\u00fcents tipus de llet produ\u00efda per qualsevol esp\u00e8cie animal: natural, certificada, pasteuritzada, concentrada, desnatada, esterilitzada, UHT, evaporada i en pols.<\/li>\n<\/ul>\n<ul>\n<li>Els formatges.<\/li>\n<\/ul>\n<ul>\n<li>Els ous.<\/li>\n<\/ul>\n<ul>\n<li>Les fruites, verdures, hortalisses, llegums, tubercles i cereals, que tinguin la condici\u00f3 de productes naturals d\u2019acord amb el Codex Alimentarius i les disposicions dictades per al seu desenvolupament.<\/li>\n<\/ul>\n<p> El tipus del rec\u00e0rrec d\u2019equival\u00e8ncia aplicable a aquestes operacions ser\u00e0 del 0%. No obstant aix\u00f2, el tipus impositiu aplicable ser\u00e0 el 4% a partir del dia 1 de maig de 2023, en el cas que la taxa interanual de la inflaci\u00f3 subjacent del mes de mar\u00e7, publicada a l\u2019abril, sigui inferior al 5,5%. En aquest cas, el tipus del rec\u00e0rrec d\u2019equival\u00e8ncia aplicable a aquestes operacions ser\u00e0 del 0,5%   <strong>IMPOST SOBRE LA RENDA DE LES PERSONES F\u00cdSIQUES<\/strong><\/p>\n<p><strong>Deducci\u00f3 per maternitat<\/strong> Amb efectes des de l\u20191 de gener de 2023, s\u2019afegeix una disposici\u00f3 transit\u00f2ria, la trenta-setena, en la Llei de l\u2019IRPF per a aclarir el dret a continuar percebent la deducci\u00f3 per maternitat en l\u2019impost sobre la renda de les persones f\u00edsiques a partir de l\u20191 de gener de 2023, encara que algun dels progenitors tingu\u00e9s dret al complement d\u2019ajut per a la inf\u00e0ncia respecte del mateix descendent, evitant d\u2019aquesta manera que el canvi normatiu dut a terme en aquesta mat\u00e8ria perjudiqui les fam\u00edlies que fins ara en gaudien. <strong>III. Mesures de suport per a la reparaci\u00f3 dels danys i per a la reconstrucci\u00f3 econ\u00f2mica i social de l\u2019illa de la Palma <\/strong><\/p>\n<p><strong>IMPOST SOBRE B\u00c9NS IMMOBLES I IMPOST SOBRE ACTIVITATS ECON\u00d2MIQUES<\/strong><\/p>\n<p><strong>Es prorroguen els beneficis fiscals establerts en l\u2019IBI i en l\u2019IAE<\/strong> Es prorroguen per a l\u2019exercici 2022 els beneficis fiscals establerts en l\u2019IBI i en l\u2019IAE per l\u2019article 25 del Reial decret llei 20\/2021, de 5 d\u2019octubre (exempci\u00f3 de les quotes de l\u2019IBI que afectin habitatges, establiments industrials, tur\u00edstics, mercantils, mar\u00edtim-pesquers i professionals, explotacions agr\u00e0ries i forestals, locals de treball i similars, danyats i reduccions en l\u2019IAE a les ind\u00fastries de qualsevol naturalesa, establiments mercantils, mar\u00edtim-pesquers, tur\u00edstics i professionals danyats, rec\u00e0rrecs legalment autoritzats sobre aquests, i possibilitat de devoluci\u00f3 de les quantitats ingressades en el cas d\u2019haver satisfet el rebut corresponent). <strong>BENEFICIS FISCALS: IBI, IAE, IRPF\u2026<\/strong><strong>S\u2019aproven beneficis fiscals a conseq\u00fc\u00e8ncia dels incendis forestals esdevinguts durant els mesos de juny, juliol i agost de 2022:<\/strong> Com \u00e9s habitual quan es produeixen cat\u00e0strofes naturals (incendis forestals, en aquest cas els esdevinguts a Andalusia, Arag\u00f3, les Illes Balears, Can\u00e0ries, Castella i Lle\u00f3, Castella-la Manxa, Catalunya, Comunitat Valenciana, Extremadura, Gal\u00edcia, Madrid, Regi\u00f3 de M\u00farcia, Comunitat Foral de Navarra, Pa\u00eds Basc i La Rioja, durant els mesos de juny, juliol i agost, i que es relacionen en l\u2019Annex de l\u2019Acord del Consell de Ministres, de 23 d\u2019agost de 2022), el Govern aprova una s\u00e8rie de mesures de car\u00e0cter excepcional que contribueixen al restabliment de la normalitat en les zones afectades, establint-se en aquest cas exempcions en la quota de l\u2019IBI, reduccions en la quota de l\u2019IAE i reduccions especials per a les activitats agr\u00e0ries i exempcions per als ajuts per danys personals en l\u2019IRPF. <strong>ALTRES MESURES<\/strong><strong>Ajuts a les fam\u00edlies: xec de 200 euros<\/strong> S\u2019estableix per a les <strong>fam\u00edlies amb rendes de fins a 27.000 euros un ajut de 200 euros<\/strong> per a reduir les situacions de vulnerabilitat econ\u00f2mica que no estiguin cobertes per altres prestacions de car\u00e0cter social. Aquest ajut, de 200 euros de quantia en <strong>pagament \u00fanic<\/strong>, es dirigeix als qui hagin estat assalariats, aut\u00f2noms o aturats en 2022, amb la finalitat de pal\u00b7liar situacions de vulnerabilitat econ\u00f2mica, no cobertes per altres prestacions de car\u00e0cter social, com \u00e9s el cas de les pensions o l\u2019ingr\u00e9s m\u00ednim vital. Per a la percepci\u00f3 d\u2019aquest ajut, s\u2019estableixen aix\u00ed mateix uns m\u00e0xims d\u2019ingressos i patrimonis conjunts en funci\u00f3 de la conviv\u00e8ncia en el domicili, amb l\u2019objectiu que el col\u00b7lectiu de beneficiaris de l\u2019ajut respongui als principis de necessitat i progressivitat.      <strong>Mesures mercantils\/concursals<\/strong><\/p>\n<ul>\n<li>S\u2019introdueix, novament, una <strong>morat\u00f2ria comptable<\/strong> amb la finalitat d\u2019evitar la liquidaci\u00f3 d\u2019empreses que, en condicions normals, poden ser viables. Per aix\u00f2, es prorroga la mesura excepcional prevista en l\u2019article 13 de la Llei 3\/2020, de 18 de setembre i, en conseq\u00fc\u00e8ncia, <strong>a l\u2019efecte de la causa legal de dissoluci\u00f3 per p\u00e8rdues, no es computaran les dels exercicis 2020 i 2021 durant un per\u00edode de 3 exercicis comptables<\/strong>; aix\u00f2 \u00e9s, les p\u00e8rdues dels exercicis 2020 i 2021 no es computaran ni en els exercicis comptables de 2022 i 2023 ni fins al moment del tancament de l\u2019exercici 2024. En el cas que tenint nom\u00e9s en compte el resultat dels exercicis 2022, 2023 o 2024, resultessin p\u00e8rdues que deixin redu\u00eft el patrimoni net a una quantitat inferior a la meitat del capital social, s\u00ed que s\u2019apreciar\u00e0 concurr\u00e8ncia de la causa legal de dissoluci\u00f3 per p\u00e8rdues, i els \u00f2rgans d\u2019administraci\u00f3 hauran d\u2019actuar en els termes previstos en l\u2019article 363.1.e) del Text Ref\u00f3s de la Llei de societats de capital, aprovat per Reial decret legislatiu 1\/2020, de 2 de juliol.  <\/li>\n<\/ul>\n<p><strong>Mesures en mat\u00e8ria d\u2019habitatge: limitaci\u00f3 del preu del lloguer i suspensi\u00f3 dels desnonaments<\/strong><\/p>\n<ul>\n<li>S\u2019estableix <strong>prolongar fins al 31 de desembre de 2023 la limitaci\u00f3 extraordin\u00e0ria de l\u2019actualitzaci\u00f3 anual de la renda dels contractes d\u2019arrendament d\u2019habitatge<\/strong>, regulada en l\u2019article 18 de la Llei 29\/1994, de 24 de novembre, d\u2019arrendaments urbans, de manera que, a falta d\u2019acord entre les parts, l\u2019actualitzaci\u00f3 de la renda no pugui superar el resultat d\u2019aplicar la variaci\u00f3 anual de l\u2019\u00cdndex de Garantia de Competitivitat.<\/li>\n<\/ul>\n<ul>\n<li>S\u2019<strong>amplia fins al 30 de juny de 2023 la suspensi\u00f3 dels procediments i llan\u00e7aments<\/strong> en els sup\u00f2sits i d\u2019acord amb els tr\u00e0mits ja establerts, aix\u00ed com la possibilitat, fins al 31 de juliol de 2023, de sol\u00b7licitar compensaci\u00f3 per part de l\u2019arrendador o propietari, mesura ja recollida en el Reial decret llei 37\/2020, de 22 de desembre, de mesures urgents per a fer front a les situacions de vulnerabilitat social i econ\u00f2mica en l\u2019\u00e0mbit de l\u2019habitatge i en mat\u00e8ria de transports.<\/li>\n<\/ul>\n<ul>\n<li>Finalment, es contempla una <strong>pr\u00f2rroga extraordin\u00e0ria del termini dels contractes d\u2019arrendament de sis mesos<\/strong> des de la data de finalitzaci\u00f3, durant la qual es continuaran aplicant els termes i condicions establerts per al contracte en vigor.<\/li>\n<\/ul>\n<p><strong>Ajornament del pagament de quotes Seguretat Social<\/strong> Es considera oport\u00fa prorrogar, igualment per un <strong>termini de tres mesos m\u00e9s<\/strong>, el <strong>r\u00e8gim extraordinari d\u2019ajornaments en el pagament de quotes de la Seguretat Social<\/strong> a qu\u00e8 es refereixen l\u2019article 2 del Reial decret llei 4\/2022, de 15 de mar\u00e7, pel qual s\u2019adopten mesures urgents de suport al sector agrari per causa de la sequera, l\u2019article 37 del Reial decret llei 6\/2022, de 29 de mar\u00e7, pel qual s\u2019adopten mesures urgents en el marc del Pla nacional de resposta a les conseq\u00fc\u00e8ncies econ\u00f2miques i socials de la guerra a Ucra\u00efna, i l\u2019article 28 del Reial decret llei 6\/2022, de 29 de mar\u00e7, pel qual s\u2019adopten mesures urgents en el marc del Pla nacional de resposta a les conseq\u00fc\u00e8ncies econ\u00f2miques i socials de la guerra a Ucra\u00efna.  <strong>Mesures relatives a l\u2019ingr\u00e9s m\u00ednim vital: increment del 15%<\/strong> Es disposa estendre, <strong>amb efectes de l\u20191 de gener de 2023<\/strong>, per a tot l\u2019any, l\u2019increment extraordinari de la prestaci\u00f3 de l\u2019ingr\u00e9s m\u00ednim vital que es va establir en l\u2019article 45 del Reial decret llei 11\/2022, de 25 de juny, a l\u2019efecte del qual es complementa el percentatge que s\u2019hagi d\u2019aplicar a aquesta prestaci\u00f3 per a la seva actualitzaci\u00f3 d\u2019acord amb el que es disposa en la Llei de pressupostos generals de l\u2019Estat per a 2023 en un percentatge igual a la difer\u00e8ncia entre aquell i el 15%, de manera que l\u2019ingr\u00e9s m\u00ednim vital experimenti per a 2023 <strong>un 15% d\u2019increment<\/strong> respecte de la quantia que tenia a 1 de gener de 2022. <strong>Mesures per als afectats per l\u2019erupci\u00f3 del volc\u00e0 de la Palma<\/strong> En concret, es mant\u00e9 la <strong>morat\u00f2ria de pr\u00e9stecs hipotecaris i no hipotecaris<\/strong> per als afectats que l\u2019haguessin sol\u00b7licitat, limitada a sis mesos. Es prorroguen <strong>fins al 30 de juny els expedients de regulaci\u00f3 temporal d\u2019ocupaci\u00f3<\/strong> (ERTO) derivats de les situacions de for\u00e7a major provocades per l\u2019erupci\u00f3 del volc\u00e0, i s\u2019inclouen com a possibles beneficiaris dels ajuts per danys materials en l\u2019habitatge habitual no sols als propietaris sin\u00f3 als titulars de l\u2019usdefruit sobre l\u2019habitatge. Es prorroga al seu torn la <strong>prestaci\u00f3 per cessament d\u2019activitat per a treballadors aut\u00f2noms fins a juny de 2023<\/strong>. <strong>Oferta extraordin\u00e0ria d\u2019ocupaci\u00f3 p\u00fablica<\/strong> Amb car\u00e0cter addicional i complementari a l\u2019oferta d\u2019ocupaci\u00f3 p\u00fablica corresponent a l\u2019any 2022, s\u2019aprova una <strong>oferta d\u2019ocupaci\u00f3 extraordin\u00e0ria de 1.000 places<\/strong>. L\u2019execuci\u00f3 d\u2019aquesta oferta d\u2019ocupaci\u00f3 p\u00fablica extraordin\u00e0ria s\u2019haur\u00e0 de realitzar en el termini improrrogable d\u2019un any des de la publicaci\u00f3 de les respectives convocat\u00f2ries.     <strong>Altres mesures urgents<\/strong><\/p>\n<ul>\n<li>Es modifica el text ref\u00f3s de la Llei General de la Seguretat Social, per a <strong>permetre l\u2019activitat dels professionals jubilats i contribuir aix\u00ed a pal\u00b7liar la falta de facultatius d\u2019atenci\u00f3 prim\u00e0ria, metges de fam\u00edlia o pediatres en el Sistema Nacional de Salut<\/strong>.<\/li>\n<\/ul>\n<ul>\n<li>Es <strong>prorroga<\/strong> la vig\u00e8ncia del Reial decret 152\/2022, de 22 de febrer, pel qual es fixa el <strong>salari m\u00ednim interprofessional per a 2022. Per tant, es prorroga l\u2019SMI de 2022 per a 2023, mentre no s\u2019arribi a un acord en relaci\u00f3 amb el seu augment <\/strong>.<\/li>\n<\/ul>\n<ul>\n<li>El present reial decret llei adapta al <strong>nou per\u00edode de suport p\u00fablic que s\u2019est\u00e9n fins al 30 de juny de 2023<\/strong> les mesures en l\u2019\u00e0mbit laboral de suport als treballadors de l\u2019article 44 del Reial decret llei 6\/2022, de 29 de mar\u00e7 pel qual s\u2019adopten mesures urgents en el marc del Pla nacional de resposta a les conseq\u00fc\u00e8ncies econ\u00f2miques i socials de la guerra a Ucra\u00efna, aix\u00ed com en l\u2019article 1.Deu del Reial decret llei 11\/2022, de 25 de juny, pel qual s\u2019adopten i es prorroguen determinades mesures per a respondre a les conseq\u00fc\u00e8ncies econ\u00f2miques i socials de la guerra a Ucra\u00efna, per a fer front a situacions de vulnerabilitat social i econ\u00f2mica, i per a la recuperaci\u00f3 econ\u00f2mica i social de l\u2019illa de la Palma, de manera que: <\/li>\n<\/ul>\n<ul>\n<li>Les empreses benefici\u00e0ries dels ajuts directes no podran justificar acomiadaments objectius basats en l\u2019augment dels costos energ\u00e8tics.<\/li>\n<\/ul>\n","protected":false},"excerpt":{"rendered":"<p>Al BOE del dia 28 de desembre s\u2019ha publicat el Reial decret llei 20\/2022, de 27 de desembre, de mesures de resposta a les conseq\u00fc\u00e8ncies econ\u00f2miques i socials de la guerra d\u2019Ucra\u00efna i de suport a la reconstrucci\u00f3 de l\u2019illa de la Palma i a altres situacions de vulnerabilitat, amb entrada en vigor el mateix [&hellip;]<\/p>\n","protected":false},"author":4,"featured_media":0,"comment_status":"closed","ping_status":"closed","sticky":false,"template":"","format":"standard","meta":{"_seopress_robots_primary_cat":"none","_seopress_titles_title":"","_seopress_titles_desc":"","_seopress_robots_index":"","footnotes":""},"categories":[1],"tags":[],"class_list":["post-974","post","type-post","status-publish","format-standard","hentry","category-sin-categorizar"],"featured_image_src":{"landsacpe":false,"list":false,"medium":false,"full":false},"_links":{"self":[{"href":"https:\/\/asesoriapellicer.es\/ca\/wp-json\/wp\/v2\/posts\/974","targetHints":{"allow":["GET"]}}],"collection":[{"href":"https:\/\/asesoriapellicer.es\/ca\/wp-json\/wp\/v2\/posts"}],"about":[{"href":"https:\/\/asesoriapellicer.es\/ca\/wp-json\/wp\/v2\/types\/post"}],"author":[{"embeddable":true,"href":"https:\/\/asesoriapellicer.es\/ca\/wp-json\/wp\/v2\/users\/4"}],"replies":[{"embeddable":true,"href":"https:\/\/asesoriapellicer.es\/ca\/wp-json\/wp\/v2\/comments?post=974"}],"version-history":[{"count":0,"href":"https:\/\/asesoriapellicer.es\/ca\/wp-json\/wp\/v2\/posts\/974\/revisions"}],"wp:attachment":[{"href":"https:\/\/asesoriapellicer.es\/ca\/wp-json\/wp\/v2\/media?parent=974"}],"wp:term":[{"taxonomy":"category","embeddable":true,"href":"https:\/\/asesoriapellicer.es\/ca\/wp-json\/wp\/v2\/categories?post=974"},{"taxonomy":"post_tag","embeddable":true,"href":"https:\/\/asesoriapellicer.es\/ca\/wp-json\/wp\/v2\/tags?post=974"}],"curies":[{"name":"wp","href":"https:\/\/api.w.org\/{rel}","templated":true}]}}