{"id":973,"date":"2023-01-03T13:22:14","date_gmt":"2023-01-03T12:22:14","guid":{"rendered":"https:\/\/asesoriapellicer.es\/quines-novetats-tributaries-inclou-la-llei-de-pressupostos-generals-de-lestat-per-a-lany-2023\/"},"modified":"2023-01-03T13:22:14","modified_gmt":"2023-01-03T12:22:14","slug":"quines-novetats-tributaries-inclou-la-llei-de-pressupostos-generals-de-lestat-per-a-lany-2023","status":"publish","type":"post","link":"https:\/\/asesoriapellicer.es\/ca\/quines-novetats-tributaries-inclou-la-llei-de-pressupostos-generals-de-lestat-per-a-lany-2023\/","title":{"rendered":"Quines novetats tribut\u00e0ries inclou la Llei de pressupostos generals de l\u2019Estat per a l\u2019any 2023?"},"content":{"rendered":"<p>La Llei 31\/2022, de 23 de desembre, de pressupostos generals de l\u2019Estat 2023, introdueix canvis que principalment a l\u2019IRPF (increment de la reducci\u00f3 per obtenci\u00f3 de rendiments a treballadors i pensionistes, increment de la reducci\u00f3 per obtenci\u00f3 de rendiments de l\u2019activitat i del percentatge de despeses de dif\u00edcil justificaci\u00f3 en el r\u00e8gim d\u2019estimaci\u00f3 directa simplificada, reducci\u00f3 general del rendiment net calculat pel m\u00e8tode d\u2019estimaci\u00f3 objectiva i pr\u00f2rroga dels l\u00edmits excloents del m\u00e8tode, increment dels tipus de gravamen de l\u2019estalvi, etc.) i a l\u2019impost sobre societats (reducci\u00f3 del tipus impositiu per a entitats de molt redu\u00efda dimensi\u00f3 \u2013import net del volum de negocis inferior a 1 mili\u00f3 d\u2019euros\u2013, amortitzaci\u00f3 accelerada de determinats vehicles), etc. <\/p>\n<hr>\n<p> Al BOE del dia 24 de desembre de 2022, s\u2019ha publicat la Llei 31\/2022, de 23 de desembre, de pressupostos generals de l\u2019Estat per a l\u2019any 2023 (d\u2019ara endavant, LPGE 2023), en vigor el dia 1 de gener de 2023, que inclou diverses mesures fiscals, alguna d\u2019elles d\u2019una certa magnitud. En l\u2019<strong>impost sobre la renda<\/strong> s\u2019augmenta la reducci\u00f3 dels rendiments del treball i el l\u00edmit inferior de l\u2019obligaci\u00f3 de declarar que s\u2019aplica quan, entre altres casos, es perceben rendes del treball de m\u00e9s d\u2019un pagador. Tamb\u00e9 s\u2019estableix una reducci\u00f3 del 10 per 100 del rendiment net, en 2023, per als contribuents que el determinen en estimaci\u00f3 objectiva; s\u2019augmenta el percentatge que s\u2019aplica a les despeses de dif\u00edcil justificaci\u00f3 per als empresaris i professionals en estimaci\u00f3 directa simplificada; es regulen nous l\u00edmits a les aportacions als plans de pensions; i s\u2019estableixen dos trams m\u00e9s en la tarifa de l\u2019estalvi per a rendes superiors a 200.000\u202f\u20ac. Tant en el r\u00e8gim d\u2019estimaci\u00f3 objectiva en l\u2019IRPF, com en els r\u00e8gims especials simplificat i de l\u2019agricultura, ramaderia i pesca de l\u2019IVA, es prorroguen els l\u00edmits establerts per a 2022. Respecte a l\u2019<strong>impost sobre societats<\/strong>, s\u2019estableix un tipus redu\u00eft de gravamen del 23 per 100 per a les empreses que facturen menys d\u20191.000.000\u202f\u20ac i no siguin entitats patrimonials, i l\u2019amortitzaci\u00f3 accelerada de determinats vehicles. <strong>En l\u2019IVA<\/strong> es produeix un assortiment de canvis, com la rebaixa del 10 al 4 per 100 del tipus aplicable als lliuraments de compreses, tampons i preservatius, la modificaci\u00f3 de la regla especial de l\u2019\u00fas efectiu en relaci\u00f3 amb la tributaci\u00f3 dels serveis i la modificaci\u00f3 del mecanisme especial d\u2019inversi\u00f3 del subjecte passiu en determinats sup\u00f2sits. Tamb\u00e9 s\u2019adapten els coeficients d\u2019actualitzaci\u00f3 per a determinar la base imposable de l\u2019impost sobre l\u2019<strong>increment de valor dels terrenys de naturalesa urbana<\/strong> i s\u2019estableix un r\u00e8gim especial per a les Illes Balears. I finalment podem destacar una nova regulaci\u00f3 dels <strong>ajornaments i fraccionaments de deutes i sancions tribut\u00e0ries estatals en situacions preconcursals<\/strong> per l\u2019AEAT. A continuaci\u00f3 veurem les <strong>principals mesures tribut\u00e0ries<\/strong> que cont\u00e9 la LPGE 2023. <strong>1. IRPF<\/strong><strong>1.1 Reducci\u00f3 per obtenci\u00f3 de rendiments del treball (amb efectes des de l\u20191 de gener de 2023).<\/strong> S\u2019incrementa de 16.825 a 19.747,5 euros la reducci\u00f3 per a contribuents amb rendiments del treball. Aix\u00ed mateix, s\u2019incrementen les quanties que minoren el rendiment net. Els contribuents amb rendiments nets del treball inferiors a 19.747,50\u202f\u20ac (abans 16.825\u202f\u20ac) sempre que no tinguin rendes, excloses les exemptes, diferents de les del treball superiors a 6.500\u202f\u20ac, minoraran el rendiment net del treball en les seg\u00fcents quanties:          <\/p>\n<ul>\n<li>6.498\u202f\u20ac (abans 5.565\u202f\u20ac) si els rendiments nets del treball s\u00f3n iguals o inferiors a 14.047,50\u202f\u20ac (abans 13.115\u202f\u20ac).<\/li>\n<li>6.498\u202f\u20ac (abans 5.5656\u202f\u20ac) menys el resultat de multiplicar per 1,14 (abans 1,5) la difer\u00e8ncia entre el rendiment del treball i 14.047,50\u202f\u20ac si els rendiments nets del treball estan compresos entre 14.047,50 i 19.747,50\u202f\u20ac.<\/li>\n<\/ul>\n<p><strong>1.2 Obligaci\u00f3 de declarar: increment de la quantia de rendiments \u00edntegres del treball a partir de la qual \u00e9s obligatori declarar l\u2019impost<\/strong> S\u2019eleva el llindar inferior de l\u2019obligaci\u00f3 per a no declarar respecte dels perceptors que tinguin rendiments del treball. En concret, no estan obligats a presentar l\u2019autoliquidaci\u00f3 de l\u2019impost els contribuents que percebin rendes del treball de m\u00e9s d\u2019un pagador (i en altres sup\u00f2sits molt concrets, com abans) si la suma d\u2019aquests rendiments no superen els 15.000\u202f\u20ac (abans 14.000\u202f\u20ac). <strong>1.3 Retenci\u00f3 dels rendiments del treball<\/strong> Les retencions i ingressos a compte a practicar sobre els rendiments del treball que se satisfacin o abonin durant el mes de gener de 2023, corresponents a aquest mes, i als quals resulti d\u2019aplicaci\u00f3 el procediment general de retenci\u00f3, s\u2019hauran de realitzar conformement a la normativa vigent a 31 de desembre de 2022. En els rendiments que se satisfacin o abonin a partir de l\u20191 de febrer de 2023, sempre que no es tracti de rendiments corresponents al mes de gener, el pagador haur\u00e0 de calcular el tipus de retenci\u00f3 prenent en consideraci\u00f3 la normativa vigent a partir d\u20191 de gener de 2023, practicant-ne la regularitzaci\u00f3, en els primers rendiments del treball que satisfaci o aboni. <strong>1.4 Reducci\u00f3 per obtenci\u00f3 de rendiments en estimaci\u00f3 directa simplificada (amb efectes des d\u20191 de gener de 2023)<\/strong> S\u2019eleva la reducci\u00f3 aplicable als treballadors aut\u00f2noms econ\u00f2micament dependents: Quan els rendiments nets d\u2019activitats econ\u00f2miques siguin inferiors a 19.747,50\u202f\u20ac (abans 14.450\u202f\u20ac), sempre que no tinguin rendes, excloses les exemptes, diferents de les d\u2019activitats econ\u00f2miques superiors a 6.500\u202f\u20ac:     <\/p>\n<ul>\n<li>6.498\u202f\u20ac (anteriorment 3.700 euros) si els rendiments nets d\u2019activitats econ\u00f2miques s\u00f3n iguals o inferiors a 14.047,50\u202f\u20ac (abans 11.250).<\/li>\n<li>6.498\u202f\u20ac (anteriorment 3.700 euros) menys el resultat de multiplicar per 1,14 (abans 1,15625) la difer\u00e8ncia entre el rendiment d\u2019activitats econ\u00f2miques i 14.047,50\u202f\u20ac (abans 11.250\u202f\u20ac) si els rendiments nets d\u2019activitats econ\u00f2miques estan compresos entre 14.047,50 i 19.747,50\u202f\u20ac (abans 11.250 i 14.450\u202f\u20ac, respectivament).<\/li>\n<\/ul>\n<p><strong>1.5 Despeses de dif\u00edcil justificaci\u00f3 en estimaci\u00f3 directa simplificada (amb efectes des de l\u20191 de gener de 2023)<\/strong> El percentatge de deducci\u00f3 per al conjunt de les provisions dedu\u00efbles i les despeses de dif\u00edcil justificaci\u00f3 ser\u00e0 del 7% (abans 5%). Recordem que la deducci\u00f3 no pot excedir dels 2.000\u202f\u20ac, i aquest l\u00edmit absolut roman inalterat (art. 30 del Reglament d\u2019IRPF). <strong>1.6 Contribuents en estimaci\u00f3 objectiva (amb efectes des de l\u20191 de gener de 2023)<\/strong> S\u2019eleva al 10% la reducci\u00f3 general aplicable sobre el rendiment net de m\u00f2duls obtingut en el per\u00edode impositiu 2023. Els contribuents podran reduir el rendiment net de m\u00f2duls obtingut en 2023 en un 10%, en la forma que s\u2019estableixi en l\u2019Ordre per la qual s\u2019aprovin els signes, \u00edndexs o m\u00f2duls per a aquest exercici. Es prorroguen els l\u00edmits excloents del m\u00e8tode d\u2019estimaci\u00f3 objectiva per als exercicis 2016, 2017, 2018, 2019, 2020, 2021, 2022 i 2023. En concret, les magnituds de 150.000 i 75.000\u202f\u20ac queden fixades en 250.000 i 125.000\u202f\u20ac, respectivament. Aix\u00ed mateix, per a aquests exercicis, la magnitud de 150.000\u202f\u20ac queda fixada en 250.000\u202f\u20ac. <strong>1.7 L\u00edmits de reducci\u00f3 en la base imposable de les aportacions i contribucions a sistemes de previsi\u00f3 social (amb efectes des de l\u20191 de gener de 2023)<\/strong> El l\u00edmit absolut d\u2019aportaci\u00f3 de 1.500\u202f\u20ac s\u2019augmentar\u00e0 en 8.500\u202f\u20ac, sempre que l\u2019increment provingui de contribucions empresarials, o d\u2019aportacions del treballador al mateix instrument de previsi\u00f3 social per import igual o inferior a les quantitats que resultin del seg\u00fcent quadre en funci\u00f3 de l\u2019import anual de la contribuci\u00f3 empresarial:      <\/p>\n<table>\n<tbody>\n<tr>\n<td><strong>Import anual de la contribuci\u00f3<\/strong><\/td>\n<td><strong>Aportaci\u00f3 m\u00e0xima del treballador<\/strong><\/td>\n<\/tr>\n<tr>\n<td>Igual o inferior a 500 euros.<\/td>\n<td>El resultat de multiplicar la contribuci\u00f3 empresarial per 2,5.<\/td>\n<\/tr>\n<tr>\n<td>Entre 500,01 i 1.500 euros.<\/td>\n<td>1.250 euros, m\u00e9s el resultat de multiplicar per 0,25 la difer\u00e8ncia entre la contribuci\u00f3 empresarial i 500 euros.<\/td>\n<\/tr>\n<tr>\n<td>M\u00e9s de 1.500 euros.<\/td>\n<td>El resultat de multiplicar la contribuci\u00f3 empresarial per 1.<\/td>\n<\/tr>\n<\/tbody>\n<\/table>\n<p> Per tant, nom\u00e9s es modifica el c\u00e0lcul de l\u2019aportaci\u00f3 m\u00e0xima del treballador quan la contribuci\u00f3 de l\u2019empresa est\u00e0 entre 500,01 i 1.500 \u20ac. No obstant aix\u00f2, en tot cas s\u2019aplicar\u00e0 el multiplicador 1 quan el treballador obtingui en l\u2019exercici rendiments \u00edntegres del treball superiors a 60.000\u202f\u20ac procedents de l\u2019empresa que realitza la contribuci\u00f3, a l\u2019efecte de la qual l\u2019empresa haur\u00e0 de comunicar a l\u2019entitat gestora o asseguradora de l\u2019instrument de previsi\u00f3 social que no concorre aquesta circumst\u00e0ncia. S\u2019especifica que el l\u00edmit de 4.250\u202f\u20ac establert anteriorment per a les aportacions d\u2019aut\u00f2noms a plans simplificats d\u2019ocupaci\u00f3 i per a les aportacions de plans dels quals sigui promotor l\u2019aut\u00f2nom s\u2019aplica tamb\u00e9 a les aportacions de plans de pensions sectorials. D\u2019acord amb aquesta reducci\u00f3 es modifiquen els l\u00edmits financers de les aportacions i contribucions als sistemes de previsi\u00f3 social. <strong>1.8 Tipus de gravamen de l\u2019estalvi (amb efectes des de l\u20191 de gener de 2023)<\/strong> Es regulen nous tipus de gravamen, afegint dos trams a la base liquidable entre 200.000 i 300.000\u202f\u20ac amb tipus del 27% (abans 26%) i a partir de 300.000\u202f\u20ac, que s\u2019aplica el tipus del 28% (abans 26%).    <\/p>\n<table>\n<tbody>\n<tr>\n<td><strong>Base liquidable de l\u2019estalvi<\/strong><strong>\u2013<\/strong><strong>Fins a euros<\/strong><\/td>\n<td><strong>Quota \u00edntegra<\/strong><strong>\u2013<\/strong><strong>Euros<\/strong><\/td>\n<td><strong>Resta base liquidable de l\u2019estalvi<\/strong><strong>\u2013<\/strong><strong>Fins a euros<\/strong><\/td>\n<td><strong>Tipus aplicable<\/strong><strong>\u2013<\/strong><strong>Percentatge<\/strong><\/td>\n<\/tr>\n<tr>\n<td>0<\/td>\n<td>0<\/td>\n<td>6.000<\/td>\n<td>19<\/td>\n<\/tr>\n<tr>\n<td>6.000,00<\/td>\n<td>570<\/td>\n<td>44.000<\/td>\n<td>21<\/td>\n<\/tr>\n<tr>\n<td>50.000,00<\/td>\n<td>5.190<\/td>\n<td>150.000<\/td>\n<td>23<\/td>\n<\/tr>\n<tr>\n<td>200.000,00<\/td>\n<td>22.400<\/td>\n<td>100.000<\/td>\n<td>27<\/td>\n<\/tr>\n<tr>\n<td>300.000,00<\/td>\n<td>35.940<\/td>\n<td>En endavant<\/td>\n<td>28<\/td>\n<\/tr>\n<\/tbody>\n<\/table>\n<p> Les <strong>persones de nacionalitat espanyola que acreditin una nova resid\u00e8ncia en un pa\u00eds o territori considerat com a parad\u00eds fiscal<\/strong>, mantenen la seva condici\u00f3 de contribuents de l\u2019impost <strong>durant cinc anys<\/strong>. Aquests contribuents, m\u00e9s els nacionals que tenen la seva resid\u00e8ncia habitual a l\u2019estranger a causa de la seva condici\u00f3 de membres de missions diplom\u00e0tiques, oficines consulars, etc., <strong>apliquen aquesta mateixa tarifa de l\u2019estalvi<\/strong>. <strong>1.9 Deducci\u00f3 per maternitat (amb efectes des de l\u20191 de gener de 2023)<\/strong> Amb efectes des de l\u20191 de gener de 2023 s\u2019introdueixen les seg\u00fcents novetats en la deducci\u00f3 per maternitat: Aquesta deducci\u00f3 no solament ser\u00e0 aplicable a aquelles dones amb fills menors de tres anys amb dret a l\u2019aplicaci\u00f3 del m\u00ednim per descendents que realitzin una activitat per compte propi o d\u2019altri donades d\u2019alta en la Seguretat Social o mutualitat, sin\u00f3 que s\u2019amplia tamb\u00e9 a aquelles que:   <\/p>\n<ul>\n<li>en el moment del naixement del menor percebin prestacions contributives o assistencials del sistema de protecci\u00f3 de desocupaci\u00f3, o<\/li>\n<li>que en aquest moment o en qualsevol moment posterior estiguin donades d\u2019alta en el r\u00e8gim corresponent de la Seguretat Social o mutualitat amb un per\u00edode m\u00ednim, en aquest \u00faltim cas, de trenta dies cotitzats.<\/li>\n<\/ul>\n<p><strong>1.10 Reducci\u00f3 dels percentatges de retenci\u00f3 sobre rendiments procedents de la propietat intel\u00b7lectual (amb efectes des de l\u20191 de gener de 2023)<\/strong> Amb efectes des de l\u20191 de gener de 2023 i vig\u00e8ncia indefinida, els percentatges de retenci\u00f3 d\u2019aquests rendiments queden establerts en els seg\u00fcents percentatges: <strong><em>1.10.1 Rendiments del treball derivats de l\u2019elaboraci\u00f3 d\u2019obres liter\u00e0ries, art\u00edstiques o cient\u00edfiques en les quals se cedeix el dret a la seva explotaci\u00f3.<\/em><\/strong> Es redueix del 15% al 7% el percentatge de retenci\u00f3. Requisits:  <\/p>\n<ul>\n<li>Que el volum d\u2019aquests rendiments \u00edntegres corresponent a l\u2019exercici immediat anterior sigui inferior a 15.000 euros, i<\/li>\n<li>Representi m\u00e9s del 75% de la suma dels rendiments \u00edntegres d\u2019activitats econ\u00f2miques i del treball obtinguts pel contribuent en aquest exercici.<\/li>\n<li>Necessitat de comunicar al pagador la concurr\u00e8ncia d\u2019aquestes circumst\u00e0ncies.<\/li>\n<\/ul>\n<p><strong><em>1.10.2 Rendiments procedents de la propietat intel\u00b7lectual, sigui quina sigui la seva qualificaci\u00f3<\/em><\/strong> Es redueix del 19% al 15% el percentatge de retenci\u00f3 <strong>11. Imputaci\u00f3 de rendes immobili\u00e0ries (amb efectes des de l\u20191 de gener de 2023)<\/strong> Amb efectes des de l\u20191 de gener de 2023 i vig\u00e8ncia indefinida, es precisa que, durant el per\u00edode impositiu 2023, el percentatge de quantificaci\u00f3 de la renda de l\u20191,1% \u00e9s aplicable a immobles de municipis els valors cadastrals dels quals hagin estat revisats, modificats o determinats mitjan\u00e7ant un procediment de valoraci\u00f3 col\u00b7lectiva de car\u00e0cter general amb vig\u00e8ncia a partir de l\u20191 de gener de 2012 (abans era quan haguessin estat revisats i entrat en vigor en els deu per\u00edodes impositius anteriors). <strong>12. Nova deducci\u00f3 per resid\u00e8ncia habitual i efectiva a l\u2019illa de la Palma durant els per\u00edodes impositius 2022 i 2023<\/strong> Amb efectes des de l\u20191 de gener de 2023 i vig\u00e8ncia indefinida es crea una nova deducci\u00f3 per als contribuents amb resid\u00e8ncia habitual i efectiva a l\u2019illa de la Palma. La deducci\u00f3 \u00e9s aplicable, en els per\u00edodes impositius 2022 i 2023, en els mateixos termes i condicions que la deducci\u00f3 per rendes obtingudes a Ceuta o Melilla per a contribuents residents a Ceuta o Melilla prevista en l\u2019article 68.4.1 de la LIRPF. <strong>2. IMPOST SOBRE SOCIETATS<\/strong><strong>2.1 Tipus de gravamen redu\u00eft (amb efectes per als per\u00edodes impositius que s\u2019inici\u00efn a partir de l\u20191 de gener de 2023)<\/strong> Es redueix del 25 al <strong>23%<\/strong> el tipus de gravamen per a les entitats l\u2019import net del volum de negocis (INVN) del per\u00edode impositiu immediat anterior de les quals sigui inferior a 1.000.000\u202f\u20ac i no tingui la consideraci\u00f3 d\u2019entitat patrimonial. <strong>2.2 Amortitzaci\u00f3 accelerada de determinats vehicles en l\u2019impost sobre societats<\/strong> Es permet amortitzar en funci\u00f3 del coeficient que resulti de multiplicar per 2 el coeficient d\u2019amortitzaci\u00f3 lineal m\u00e0xim previst en les taules d\u2019amortitzaci\u00f3 oficialment aprovades a les inversions en vehicles nous FCV, FCHV, BEV, REEV o PHEV (segons definici\u00f3 de l\u2019annex II del Reglament general de vehicles), sempre que:     <\/p>\n<ul>\n<li>Estiguin afectes a activitats econ\u00f2miques.<\/li>\n<li>Que entrin en funcionament en els per\u00edodes impositius que s\u2019inici\u00efn en els anys 2023, 2024 i 2025.<\/li>\n<\/ul>\n<p><strong>3. IMPOST SOBRE EL VALOR AFEGIT (IVA)<\/strong><strong>3.1 R\u00e8gim d\u2019exempcions per a operacions realitzades per forces armades (efectes 1 de juliol de 2022)<\/strong> S\u2019estableix un r\u00e8gim d\u2019exempcions similar al que ja estava previst per a les forces armades de qualsevol estat membre del Tractat de l\u2019Atl\u00e0ntic Nord. Aix\u00ed, s\u2019inclouen com a operacions exemptes les adquisicions intracomunit\u00e0ries de b\u00e9ns, exportacions, prestacions de serveis i importacions de b\u00e9ns realitzades per les forces armades de qualsevol estat membre per a \u00fas d\u2019aquestes forces o del personal civil al seu servei, sempre que aquestes forces estiguin afectades a un esfor\u00e7 de defensa realitzat per a dur a terme una activitat de la Uni\u00f3 en l\u2019\u00e0mbit de la pol\u00edtica comuna de seguretat i defensa.  <strong>3.2 Lloc de realitzaci\u00f3 de les prestacions de serveis. Regles especials (efectes des de l\u2019entrada en vigor de la Llei de pressupostos) <\/strong> Se suprimeix l\u2019aplicaci\u00f3 de la <strong>regla especial de l\u2019\u00fas efectiu en les prestacions de serveis entre empresaris en aquells sectors i activitats generadores del dret a la deducci\u00f3<\/strong>, mentre que es mant\u00e9 la seva aplicaci\u00f3 en sectors que no generen aquest dret, com el sector financer i el d\u2019assegurances i s\u2019est\u00e9n la seva aplicaci\u00f3 a la prestaci\u00f3 de serveis intangibles a consumidors finals no establerts a la Uni\u00f3 Europea, quan es constati que el seu consum o explotaci\u00f3 efectiva es fa en el territori d\u2019aplicaci\u00f3 de l\u2019impost. D\u2019altra banda, per a evitar situacions de frau o elusi\u00f3 fiscal i garantir la compet\u00e8ncia d\u2019aquest mercat, aquesta cl\u00e0usula s\u2019aplicar\u00e0 als <strong>serveis d\u2019arrendament de mitjans de transport<\/strong>. <strong>3.3 Harmonitzaci\u00f3 i adaptaci\u00f3 de la normativa de l\u2019IVA a la normativa duanera (efectes des de l\u2019entrada en vigor de la Llei de pressupostos)<\/strong> S\u2019actualitzen diversos preceptes de la Llei de l\u2019impost amb l\u2019objectiu d\u2019harmonitzar i adaptar el seu contingut a la normativa duanera comunit\u00e0ria. En concret, aquells referents al fet imposable importaci\u00f3 de b\u00e9ns, les operacions assimilades a les importacions de b\u00e9ns, les exempcions en les exportacions de b\u00e9ns, les exempcions en les operacions assimilades a les exportacions, les exempcions relatives a les situacions de dip\u00f2sit temporal i altres situacions, les exempcions relatives als r\u00e8gims duaners i fiscals, la base imposable de les importacions de b\u00e9ns i la liquidaci\u00f3 de l\u2019impost en les importacions. <strong>3.4 Inversi\u00f3 del subjecte passiu (efectes des de l\u2019entrada en vigor de la Llei de pressupostos)<\/strong> Quan les operacions s\u2019efectu\u00efn per persones o entitats no establertes en el territori d\u2019aplicaci\u00f3 de l\u2019impost, amb car\u00e0cter general, s\u2019aplica el mecanisme especial d\u2019inversi\u00f3 del subjecte passiu. No obstant aix\u00f2, existeixen excepcions a l\u2019aplicaci\u00f3 d\u2019aquest mecanisme especial. S\u2019inclouen entre aquestes excepcions les <strong>prestacions de serveis d\u2019arrendament d\u2019immobles subjectes i no exemptes<\/strong> de l\u2019impost, que siguin efectuades per persones o entitats no establertes en el territori d\u2019aplicaci\u00f3 de l\u2019impost. D\u2019aquesta manera, es facilita que es puguin acollir al r\u00e8gim general de deducci\u00f3 i devoluci\u00f3 establert en la Llei de l\u2019impost, at\u00e8s que en determinades circumst\u00e0ncies havien quedat exclosos del r\u00e8gim de devoluci\u00f3 a no establerts. Aix\u00ed, es garanteix la neutralitat de l\u2019impost i es redueixen les c\u00e0rregues administratives per a l\u2019obtenci\u00f3 de la devoluci\u00f3. En el mateix sentit, s\u2019exclou tamb\u00e9 de l\u2019aplicaci\u00f3 del mecanisme especial d\u2019inversi\u00f3 del subjecte passiu a les <strong>prestacions de serveis d\u2019intermediaci\u00f3 en l\u2019arrendament d\u2019immobles<\/strong> efectuats per empresaris o professionals no establerts. Addicionalment, s\u2019introdueixen canvis en la regulaci\u00f3 del mecanisme d\u2019inversi\u00f3 del subjecte passiu estenent la seva aplicaci\u00f3 als l<strong>liuraments de deixalles i rebuig de pl\u00e0stic i de material t\u00e8xtil<\/strong>, i es modifiquen les regles referents al subjecte passiu perqu\u00e8 sigui aplicable la regla d\u2019inversi\u00f3 als lliuraments d\u2019aquests <strong>residus i materials de recuperaci\u00f3<\/strong>.          <strong>3.5 Comer\u00e7 electr\u00f2nic (efectes des de l\u2019entrada en vigor de la Llei de pressupostos)<\/strong> Es duen a terme una s\u00e8rie d\u2019ajustos t\u00e8cnics per a, d\u2019una banda, definir de forma m\u00e9s precisa les regles referents al lloc de realitzaci\u00f3 de les vendes a dist\u00e0ncia intracomunit\u00e0ries de b\u00e9ns i el c\u00e0lcul del l\u00edmit que permet continuar tributant en origen per aquestes operacions, quan es tracta d\u2019empresaris o professionals que nom\u00e9s de manera excepcional realitzen operacions de comer\u00e7 electr\u00f2nic, i, per una altra, en relaci\u00f3 amb aquest l\u00edmit, concretar que, per a l\u2019aplicaci\u00f3 del llindar corresponent, el prove\u00efdor ha d\u2019estar establert nom\u00e9s en un estat membre i els b\u00e9ns s\u2019han d\u2019enviar exclusivament des d\u2019aquest estat membre. <strong>3.6 Recuperaci\u00f3 de l\u2019IVA meritat per cr\u00e8dits incobrables (efectes des de l\u2019entrada en vigor de la Llei de pressupostos)<\/strong> S\u2019incorpora en la Llei de l\u2019impost la doctrina administrativa que permet la modificaci\u00f3 de la base imposable en cas de cr\u00e8dits incobrables a conseq\u00fc\u00e8ncia d\u2019un <strong>proc\u00e9s d\u2019insolv\u00e8ncia declarada per un \u00f2rgan jurisdiccional d\u2019un altre estat membre<\/strong>. A m\u00e9s, es rebaixa l\u2019<strong>import m\u00ednim de la base imposable<\/strong> de l\u2019operaci\u00f3 quan el destinatari mor\u00f3s tingui la condici\u00f3 de <strong>consumidor final<\/strong> (passa de 300\u202f\u20ac a 50\u202f\u20ac), es flexibilitza el procediment incorporant la possibilitat de substituir la <strong>reclamaci\u00f3 judicial o requeriment notarial<\/strong> previ al deutor per qualsevol altre mitj\u00e0 que acrediti fefaentment la reclamaci\u00f3 del cobrament a aquest deutor, i s\u2019est\u00e9n a sis mesos el termini per a procedir a la recuperaci\u00f3 de l\u2019IVA des que el cr\u00e8dit \u00e9s declarat incobrable. Aquesta \u00faltima mesura s\u2019acompanya d\u2019un r\u00e8gim transitori perqu\u00e8 puguin acollir-se al nou termini de sis mesos tots els subjectes passius de l\u2019IVA el termini de modificaci\u00f3 del qual no hagu\u00e9s caducat a la data d\u2019entrada en vigor de la Llei. <strong>3.7 Tipus impositius (efectes des de l\u2019entrada en vigor de la Llei de pressupostos)<\/strong> Determinats b\u00e9ns que fins ara tributen al tipus redu\u00eft del 10% passen a tributar al tipus redu\u00eft del 4%. Es tracta dels tampons, compreses i protectors \u00edntims, productes de primera necessitat inherents a la condici\u00f3 femenina, aix\u00ed com els preservatius i altres anticonceptius no medicinals. <strong>3.8 L\u00edmits per a l\u2019aplicaci\u00f3 del r\u00e8gim simplificat i del r\u00e8gim especial de l\u2019agricultura, ramaderia i pesca en l\u2019exercici 2023 (amb efectes des de l\u20191 de gener de 2023)<\/strong> Es prorroguen un any m\u00e9s els l\u00edmits excloents per a l\u2019aplicaci\u00f3 del r\u00e8gim simplificat i del r\u00e8gim especial de l\u2019agricultura, ramaderia i pesca, de tal manera que es mant\u00e9 el l\u00edmit de 250.000\u202f\u20ac de volum d\u2019ingressos en l\u2019exercici anterior i de l\u2019import del conjunt d\u2019adquisicions i importacions de b\u00e9ns i serveis l\u2019any anterior. <strong>4. IMPOST SOBRE TRANSMISSIONS PATRIMONIALS I ACTES JUR\u00cdDICS DOCUMENTATS (ITP I AJD)<\/strong><strong>4.1 Escala per transmissions i rehabilitacions de grandeses i t\u00edtols nobiliaris<\/strong> Amb efectes des de l\u20191 de gener de 2023, s\u2019actualitzen al 2% els imports de l\u2019escala (regulades en l\u2019article 43 del text ref\u00f3s de la Llei de l\u2019ITP i AJD), que s\u2019aplicaran des de l\u2019entrada en vigor d\u2019aquesta la llei. <strong>4.2 Cr\u00e8dits immobiliaris a persones amb un grau de depend\u00e8ncia<\/strong> Estaran exempts d\u2019AJD els cr\u00e8dits immobiliaris, concedits de conformitat amb la Llei 5\/2019, de 15 de mar\u00e7, reguladora dels contractes de cr\u00e8dit immobiliari, als qui tinguin declarat administrativament un grau de depend\u00e8ncia d\u2019acord amb la Llei 39\/2006, de 14 de desembre, de promoci\u00f3 de l\u2019autonomia personal i atenci\u00f3 a les persones en situaci\u00f3 de depend\u00e8ncia.        Per a aix\u00f2 s\u2019han de complir els seg\u00fcents requisits de manera simult\u00e0nia: \u25aa Que els cr\u00e8dits tinguin com a garantia un dret real d\u2019anticresi, l\u2019import del qual es destini, principalment, a finan\u00e7ar el cost de les cures d\u2019una persona dependent. \u25aa Que l\u2019habitatge garant vagi destinat al mercat de lloguer. En l\u2019escriptura haur\u00e0 de constar el dest\u00ed del cr\u00e8dit i el comprom\u00eds de l\u2019acreditat de destinar els fons rebuts a satisfer principalment els costos d\u2019estada en una resid\u00e8ncia d\u2019ancians o altres costos assistencials domiciliaris, a m\u00e9s del comprom\u00eds de destinar l\u2019habitatge gravat amb anticresi al mercat de lloguer. El mateix r\u00e8gim s\u2019aplicar\u00e0 a la cancel\u00b7laci\u00f3 dels cr\u00e8dits amb garantia d\u2019anticresi que reuneixin els requisits del par\u00e0graf anterior. <strong>5. TRIBUTS LOCALS<\/strong>   <\/p>\n<p><strong>5.1 Impost sobre activitats econ\u00f2miques. IAE (amb efectes per als per\u00edodes impositius que s\u2019inici\u00efn a partir de l\u20191 de gener de 2023) <\/strong> Es modifica el grup 761 de l\u2019agrupaci\u00f3 76 de la secci\u00f3 primera de les tarifes de l\u2019impost <strong>\u00abServeis telef\u00f2nics\u00bb<\/strong>: <\/p>\n<ul>\n<li>Quota m\u00ednima municipal de 62,20\u202f\u20ac per cada 1.000 abonats o fracci\u00f3 o quota provincial de 137,48\u202f\u20ac per cada 1.000 abonats o fracci\u00f3.<\/li>\n<li>Quota nacional de 137,48\u202f\u20ac: per cada 1.000 abonats o fracci\u00f3.<\/li>\n<li>A l\u2019efecte del c\u00e0lcul d\u2019abonats es consideraran tots els clients de cada operador de telefonia fixa o m\u00f2bil, respectivament.<\/li>\n<\/ul>\n<p> S\u2019afegeix un nou Grup 848. <strong>\u00abServeis d\u2019oficina flexible, \u00abcotreball\u00bb i centres de negocis\u00bb<\/strong>: <\/p>\n<ul>\n<li>Quota m\u00ednima municipal de 202\u202f\u20ac.<\/li>\n<li>Quota provincial de 20.000\u202f\u20ac.<\/li>\n<li>Quota nacional de 35.000\u202f\u20ac.<\/li>\n<li>Aquest grup compr\u00e8n els serveis prestats per les oficines flexibles, \u00abcotreball\u00bb i centres de negocis, que ofereixen als seus clients (empreses i professionals) la infraestructura necess\u00e0ria per a desenvolupar la seva activitat: espais de treball, oficines i sales de reunions, de formaci\u00f3 o de confer\u00e8ncies completament equipades, esdeveniments, llocs de treball flexibles o fixos, servei de comunicacions, videoconfer\u00e8ncia i connexi\u00f3 a Internet, oficines virtuals, gesti\u00f3 de documentacions i correspond\u00e8ncia, serveis de secretariat, \u00abservei d\u2019\u00e0pats\u00bb, ofim\u00e0tica, etc.<\/li>\n<\/ul>\n<p> Es modifica el t\u00edtol de l\u2019agrupaci\u00f3 86 de la secci\u00f3 segona de les tarifes passant-se a denominar: <strong>\u00abProfessions liberals, art\u00edstiques, liter\u00e0ries i culturals\u00bb<\/strong>. S\u2019afegeix un nou Grup 864. <strong>\u00abEscriptors i guionistes\u00bb<\/strong> amb quota de: 115\u202f\u20ac. S\u2019afegeix un nou Grup 869. <strong>\u00abAltres professionals relacionats amb les activitats art\u00edstiques i culturals no classificades en la secci\u00f3 tercera\u00bb<\/strong> amb quota de: 115\u202f\u20ac. S\u2019afegeix un nou Grup 889. <strong>\u00abGuies de muntanya\u00bb<\/strong> amb quota de: 126\u202f\u20ac. S\u2019afegeix un nou Grup 034. <strong>\u00abCompositors, lletristes, arranjadors i adaptadors musicals\u00bb<\/strong> amb quota de: 100\u202f\u20ac. <strong>5.2 Impost sobre l\u2019increment de valor dels terrenys de naturalesa urbana (amb efectes des de l\u20191 de gener de 2023)<\/strong> S\u2019actualitzen els imports dels coeficients m\u00e0xims previstos aplicables sobre el valor dels terrenys en funci\u00f3 del per\u00edode de generaci\u00f3 de l\u2019increment de valor, per a la determinaci\u00f3 de la base imposable de l\u2019impost. Amb efectes des de l\u20191 de gener de 2023, els imports m\u00e0xims dels coeficients a aplicar sobre el valor del terreny en el moment de meritaci\u00f3, segons el per\u00edode de generaci\u00f3 de l\u2019increment de valor, seran els seg\u00fcents (article 107.4 del text ref\u00f3s de la Llei reguladora de les hisendes locals):      <\/p>\n<table>\n<tbody>\n<tr>\n<td><strong>Per\u00edode de generaci\u00f3<\/strong><\/td>\n<td><strong>Coeficient<\/strong><\/td>\n<\/tr>\n<tr>\n<td>Inferior a 1 any<\/td>\n<td>0,15<\/td>\n<\/tr>\n<tr>\n<td>1 any<\/td>\n<td>0,15<\/td>\n<\/tr>\n<tr>\n<td>2 anys<\/td>\n<td>0,14<\/td>\n<\/tr>\n<tr>\n<td>3 anys<\/td>\n<td>0,15<\/td>\n<\/tr>\n<tr>\n<td>4 anys<\/td>\n<td>0,17<\/td>\n<\/tr>\n<tr>\n<td>5 anys<\/td>\n<td>0,18<\/td>\n<\/tr>\n<tr>\n<td>6 anys<\/td>\n<td>0,19<\/td>\n<\/tr>\n<tr>\n<td>7 anys<\/td>\n<td>0,18<\/td>\n<\/tr>\n<tr>\n<td>8 anys<\/td>\n<td>0,15<\/td>\n<\/tr>\n<tr>\n<td>9 anys<\/td>\n<td>0,12<\/td>\n<\/tr>\n<tr>\n<td>10 anys<\/td>\n<td>0,10<\/td>\n<\/tr>\n<tr>\n<td>11 anys<\/td>\n<td>0,09<\/td>\n<\/tr>\n<tr>\n<td>12 anys<\/td>\n<td>0,09<\/td>\n<\/tr>\n<tr>\n<td>13 anys<\/td>\n<td>0,09<\/td>\n<\/tr>\n<tr>\n<td>14 anys<\/td>\n<td>0,09<\/td>\n<\/tr>\n<tr>\n<td>15 anys<\/td>\n<td>0,10<\/td>\n<\/tr>\n<tr>\n<td>16 anys<\/td>\n<td>0,13<\/td>\n<\/tr>\n<tr>\n<td>17 anys<\/td>\n<td>0,17<\/td>\n<\/tr>\n<tr>\n<td>18 anys<\/td>\n<td>0,23<\/td>\n<\/tr>\n<tr>\n<td>19 anys<\/td>\n<td>0,29<\/td>\n<\/tr>\n<tr>\n<td>Igual o superior a 20 anys<\/td>\n<td>0,45<\/td>\n<\/tr>\n<\/tbody>\n<\/table>\n<p><strong>6. IMPOSTOS ESPECIALS<\/strong><strong>6.1 Exempcions (amb efectes des de l\u20191 de juliol de 2022)<\/strong> Igual que en l\u2019IVA, amb efectes des de l\u20191 de juliol de 2022, es modifica la Llei d\u2019impostos especials per transposar la Directiva (UE) 2019\/2235 del Consell de 16 de desembre de 2019, pel que fa a l\u2019esfor\u00e7 de defensa en el marc de la Uni\u00f3, i en concret: <\/p>\n<ul>\n<li>Es declara exempta la fabricaci\u00f3 i importaci\u00f3 de productes objecte dels impostos especials de fabricaci\u00f3 que es destinin a les forces armades de qualsevol estat membre diferent d\u2019Espanya, per a \u00fas d\u2019aquestes forces o del personal civil al seu servei, o per al prove\u00efment dels seus menjadors o cantines, sempre que aquestes forces estiguin afectades a un esfor\u00e7 de defensa realitzat per a dur a terme una activitat de la Uni\u00f3 en l\u2019\u00e0mbit de la pol\u00edtica comuna de seguretat i defensa.<\/li>\n<li>Es declara exempta l\u2019energia el\u00e8ctrica, de l\u2019impost sobre l\u2019electricitat, la subministrada a les forces armades de qualsevol estat membre diferent d\u2019Espanya, per a \u00fas d\u2019aquestes forces o del personal civil al seu servei, o per al prove\u00efment dels seus menjadors o cantines, sempre que aquestes forces estiguin afectades a un esfor\u00e7 de defensa realitzat per a dur a terme una activitat de la Uni\u00f3 en l\u2019\u00e0mbit de la pol\u00edtica comuna de seguretat i defensa.<\/li>\n<\/ul>\n<p><strong>7. LLEI GENERAL TRIBUT\u00c0RIA<\/strong><strong>7.1 Col\u00b7laboraci\u00f3 social en l\u2019aplicaci\u00f3 dels tributs: car\u00e0cter reservat de les dades amb transcend\u00e8ncia tribut\u00e0ria<\/strong> Amb efectes des de l\u20191 de gener de 2023 i vig\u00e8ncia indefinida i, en relaci\u00f3 amb les dades, informes, o antecedents obtinguts per l\u2019administraci\u00f3 que poden ser cedits per tenir objecte la col\u00b7laboraci\u00f3 amb les administracions p\u00fabliques per a la lluita contra el delicte fiscal i contra el frau en l\u2019obtenci\u00f3 o percepci\u00f3 d\u2019ajuts o subvencions a c\u00e0rrec de fons p\u00fablics o de la Uni\u00f3 Europea es matisa amb la modificaci\u00f3 que s\u2019introdueix per la LPGE 2023 que tamb\u00e9 s\u2019inclouen les mesures oportunes per prevenir, detectar i corregir el frau, la corrupci\u00f3 i els conflictes d\u2019interessos que afectin els interessos financers de la Uni\u00f3 Europea. <strong>7.2 Ajornaments i fraccionaments de deutes i sancions tribut\u00e0ries estatals en situacions preconcursals per l\u2019AEAT<\/strong> Amb efectes des de l\u20191 de gener de 2023 i vig\u00e8ncia indefinida es tornen a regular (sense haver entrat en vigor la seva redacci\u00f3 anterior) els ajornaments i fraccionaments de deutes tributaris per l\u2019AEAT continguts en la disposici\u00f3 addicional onzena de la Llei 16\/2022, de 5 de setembre, de reforma del text ref\u00f3s de la Llei concursal, per a incloure les sancions juntament amb els deutes que podran ser objecte d\u2019aquests concrets ajornaments o fraccionaments i delimitar la seva aplicaci\u00f3 a situacions preconcursals. <strong><em>1. Deutes i sancions que es poden ajornar o fraccionar<\/em><\/strong> Ara s\u2019estableix que es poden ajornar o fraccionar, d\u2019acord amb l\u2019article 65 de la LGT i pr\u00e8via sol\u00b7licitud de l\u2019obligat tributari, els deutes i sancions tribut\u00e0ries estatals que es trobin en per\u00edode voluntari o executiu i per a la gesti\u00f3 recaptat\u00f2ria del qual sigui competent l\u2019AEAT, sempre que el deutor:    <\/p>\n<ul>\n<li>Tingui una situaci\u00f3 economicofinancera que li impedeixi de manera transit\u00f2ria efectuar el pagament en els terminis establerts.<\/li>\n<li>Hagi comunicat al jutjat competent l\u2019obertura de negociacions amb els seus creditors (arts. 585 o 690 TR de la Llei concursal), i sempre que no s\u2019hagi formalitzat en instrument p\u00fablic el pla de reestructuraci\u00f3, ni aprovat el pla de continuaci\u00f3, ni declarat el concurs, ni obert el procediment especial per a microempreses.<\/li>\n<\/ul>\n<p><strong><em>2. Terminis per als acords de concessi\u00f3<\/em><\/strong> Els acords de concessi\u00f3 que es dictin tindran terminis amb quotes iguals i venciment mensual, sense que en cap cas puguin excedir dels regulats a continuaci\u00f3: <strong>A) Termini m\u00e0xim de sis mesos<\/strong>, per a aquells sup\u00f2sits en els quals es donin les circumst\u00e0ncies previstes en l\u2019article 82.2.a) de la LGT aix\u00f2 \u00e9s: <\/p>\n<ul>\n<li>Que no \u00e9s possible obtenir aval solidari d\u2019entitat de cr\u00e8dit o societat de garantia rec\u00edproca o certificat d\u2019asseguran\u00e7a de cauci\u00f3 o que la seva aportaci\u00f3 compromet greument la viabilitat de l\u2019activitat econ\u00f2mica.<\/li>\n<li>Que la garantia oferta sigui suficient.<\/li>\n<\/ul>\n<p> I es tracti d\u2019her\u00e8ncies jacents, comunitats de b\u00e9ns i altres entitats que, sense personalitat jur\u00eddica, constitueixin una unitat econ\u00f2mica o un patrimoni separat susceptibles d\u2019imposici\u00f3 (art. 35.4 LGT). <strong>B) Termini m\u00e0xim de dotze mesos<\/strong>, per a aquells sup\u00f2sits en els quals es donin les circumst\u00e0ncies previstes en l\u2019article 82.2.b) de la LGT, aix\u00f2 \u00e9s: <\/p>\n<ul>\n<li>Que no tingui prou b\u00e9ns per a garantir el deute<\/li>\n<li>L\u2019execuci\u00f3 del seu patrimoni pot afectar substancialment el manteniment de la capacitat productiva i del nivell d\u2019\u00fas de l\u2019activitat econ\u00f2mica respectiva, o b\u00e9 pogu\u00e9s produir greus crebants per als interessos de la Hisenda P\u00fablica.<\/li>\n<\/ul>\n<p> O quan es tracti de persones f\u00edsiques i concorrin les circumst\u00e0ncies previstes en l\u2019article 82.2.a) de la LGT, aix\u00f2 \u00e9s, les circumst\u00e0ncies que s\u2019han descrit en el que es preveu per al termini de sis mesos. <strong>C) Termini m\u00e0xim de vint-i-quatre mesos<\/strong>, per a aquells sup\u00f2sits en qu\u00e8 els ajornaments i fraccionaments es garanteixin mitjan\u00e7ant hipoteca, pe\u00e7a, fian\u00e7a personal i solid\u00e0ria. Admetent-se tamb\u00e9 altres garanties sempre que s\u2019estimin suficients (art. 82.1, par\u00e0grafs segon i tercer LGT). <strong>D) Termini m\u00e0xim de trenta-sis mesos <\/strong>par als sup\u00f2sits en qu\u00e8 els ajornaments i fraccionaments es garanteixin amb aval solidari d\u2019entitat de cr\u00e8dit o societat de garantia rec\u00edproca o certificat d\u2019asseguran\u00e7a de cauci\u00f3 (art. 82.1, par\u00e0graf primer LGT). La   <strong>resta de contingut de la disposici\u00f3 addicional onzena<\/strong> (s\u2019eleva a rang legal l\u2019exempci\u00f3 de l\u2019obligaci\u00f3 d\u2019aportar garanties en determinats ajornaments i fraccionaments, que fins ara la regulava l\u2019Ordre HAP\/2178\/2015, de 9 d\u2019octubre, per la qual s\u2019eleva el l\u00edmit exempt de l\u2019obligaci\u00f3 d\u2019aportar garantia en les sol\u00b7licituds d\u2019ajornament o fraccionament a 30.000 euros i s\u2019estableix que \u00e9s aplicable el que es disposa en la LGT i la seva normativa de desenvolupament en tot el no regulat expressament en aquesta disposici\u00f3) <strong>no sofreix cap canvi en el text de la Llei de PGE 2023 respecte a la seva redacci\u00f3 origin\u00e0ria<\/strong>, per\u00f2 referides \u00e9s clar a ajornaments i fraccionaments de deutes i sancions tribut\u00e0ries estatals en situacions preconcursals per l\u2019AEAT. Es poden posar en contacte amb aquest despatx professional per qualsevol dubte o aclariment que puguin tenir sobre aquesta q\u00fcesti\u00f3. Una salutaci\u00f3 cordial, <\/p>\n","protected":false},"excerpt":{"rendered":"<p>La Llei 31\/2022, de 23 de desembre, de pressupostos generals de l\u2019Estat 2023, introdueix canvis que principalment a l\u2019IRPF (increment de la reducci\u00f3 per obtenci\u00f3 de rendiments a treballadors i pensionistes, increment de la reducci\u00f3 per obtenci\u00f3 de rendiments de l\u2019activitat i del percentatge de despeses de dif\u00edcil justificaci\u00f3 en el r\u00e8gim d\u2019estimaci\u00f3 directa simplificada, [&hellip;]<\/p>\n","protected":false},"author":4,"featured_media":0,"comment_status":"closed","ping_status":"closed","sticky":false,"template":"","format":"standard","meta":{"_seopress_robots_primary_cat":"none","_seopress_titles_title":"","_seopress_titles_desc":"","_seopress_robots_index":"","footnotes":""},"categories":[1],"tags":[],"class_list":["post-973","post","type-post","status-publish","format-standard","hentry","category-sin-categorizar"],"featured_image_src":{"landsacpe":false,"list":false,"medium":false,"full":false},"_links":{"self":[{"href":"https:\/\/asesoriapellicer.es\/ca\/wp-json\/wp\/v2\/posts\/973","targetHints":{"allow":["GET"]}}],"collection":[{"href":"https:\/\/asesoriapellicer.es\/ca\/wp-json\/wp\/v2\/posts"}],"about":[{"href":"https:\/\/asesoriapellicer.es\/ca\/wp-json\/wp\/v2\/types\/post"}],"author":[{"embeddable":true,"href":"https:\/\/asesoriapellicer.es\/ca\/wp-json\/wp\/v2\/users\/4"}],"replies":[{"embeddable":true,"href":"https:\/\/asesoriapellicer.es\/ca\/wp-json\/wp\/v2\/comments?post=973"}],"version-history":[{"count":0,"href":"https:\/\/asesoriapellicer.es\/ca\/wp-json\/wp\/v2\/posts\/973\/revisions"}],"wp:attachment":[{"href":"https:\/\/asesoriapellicer.es\/ca\/wp-json\/wp\/v2\/media?parent=973"}],"wp:term":[{"taxonomy":"category","embeddable":true,"href":"https:\/\/asesoriapellicer.es\/ca\/wp-json\/wp\/v2\/categories?post=973"},{"taxonomy":"post_tag","embeddable":true,"href":"https:\/\/asesoriapellicer.es\/ca\/wp-json\/wp\/v2\/tags?post=973"}],"curies":[{"name":"wp","href":"https:\/\/api.w.org\/{rel}","templated":true}]}}