{"id":969,"date":"2023-02-15T13:48:06","date_gmt":"2023-02-15T12:48:06","guid":{"rendered":"https:\/\/asesoriapellicer.es\/com-es-pot-accedir-a-latur-dels-autonoms-en-2023\/"},"modified":"2023-02-15T13:48:06","modified_gmt":"2023-02-15T12:48:06","slug":"com-es-pot-accedir-a-latur-dels-autonoms-en-2023","status":"publish","type":"post","link":"https:\/\/asesoriapellicer.es\/ca\/com-es-pot-accedir-a-latur-dels-autonoms-en-2023\/","title":{"rendered":"Com es pot accedir a l\u2019atur dels aut\u00f2noms en 2023"},"content":{"rendered":"<p>\u00c9s imprescindible tenir cotitzats almenys dotze mesos per la conting\u00e8ncia de cessament d\u2019activitat, estar al corrent en el pagament de les quotes a la Seguretat Social i en el cas que es tracti d\u2019un cessament d\u2019activitat definitiu no pot haver superat l\u2019edat de jubilaci\u00f3 que, en 2022 \u00e9s de seixanta-sis anys i dos mesos (seixanta-sis anys i quatre mesos en 2023) o b\u00e9 de seixanta-cinc anys si s\u2019han cotitzat almenys trenta-set anys i nou mesos. <\/p>\n<hr>\n<p> Els treballadors aut\u00f2noms que es quedin sense ocupaci\u00f3 poden accedir a l\u2019atur. No obstant aix\u00f2, malgrat que la mesura funciona des de 2015, els professionals aut\u00f2noms han de complir amb una s\u00e8rie de requisits per a accedir a la prestaci\u00f3 per desocupaci\u00f3 aquest 2023. <strong>Requisits per a cobrar l\u2019atur d\u2019aut\u00f2noms<\/strong> \u00c9s imprescindible que els aut\u00f2noms hagin <strong>cotitzat almenys dotze mesos per la conting\u00e8ncia de cessament d\u2019activitat<\/strong>, que estiguin al corrent del <strong>pagament de les quotes a la Seguretat Social<\/strong> i en el cas que es tracti d\u2019un cessament d\u2019activitat definitiu no poden haver superat l\u2019edat de jubilaci\u00f3 que, en 2022 \u00e9s de seixanta-sis anys i dos mesos (seixanta-sis anys i quatre mesos en 2023) o b\u00e9 de seixanta-cinc anys si s\u2019han cotitzat almenys trenta-set anys i nou mesos. Per a poder accedir a la prestaci\u00f3, han de tenir <strong>motius econ\u00f2mics, t\u00e8cnics, productius o organitzatius<\/strong>, amb el que haurien d\u2019acreditar el 10% de p\u00e8rdues. Tamb\u00e9 per causes de for\u00e7a major, per p\u00e8rdua de llic\u00e8ncia administrativa o per q\u00fcestions de divorci o viol\u00e8ncia de g\u00e8nere. Aix\u00ed mateix, poden accedir a l\u2019atur a causa d\u2019un <strong>ERTO<\/strong>, que es considera amb la reducci\u00f3 del 60% de la jornada dels treballadors per compte d\u2019altri que els professionals tinguin contractats. O b\u00e9 si en els dos trimestres fiscals previs el nivell d\u2019ingressos o de vendes s\u2019ha redu\u00eft en un 75% respecte als que es van registrar en els mateixos per\u00edodes de l\u2019exercici. D\u2019altra banda, podran accedir a la prestaci\u00f3 si incorren en <strong>deutes amb els seus creditors<\/strong>, sempre que no superin el 150% dels ingressos ordinaris de les vendes dels dos trimestres fiscals previs a la sol\u00b7licitud. Com a requisit indispensable per a sol\u00b7licitar la prestaci\u00f3 per cessament d\u2019activitat, han d\u2019<strong>adjuntar tota la documentaci\u00f3 acreditativa de la teva situaci\u00f3 i estar al corrent de les quotes de la Seguretat Social<\/strong>.         Es poden posar en contacte amb aquest despatx professional per qualsevol dubte o aclariment que puguin tenir sobre aquesta q\u00fcesti\u00f3. Una salutaci\u00f3 cordial, <\/p>\n","protected":false},"excerpt":{"rendered":"<p>\u00c9s imprescindible tenir cotitzats almenys dotze mesos per la conting\u00e8ncia de cessament d\u2019activitat, estar al corrent en el pagament de les quotes a la Seguretat Social i en el cas que es tracti d\u2019un cessament d\u2019activitat definitiu no pot haver superat l\u2019edat de jubilaci\u00f3 que, en 2022 \u00e9s de seixanta-sis anys i dos mesos (seixanta-sis [&hellip;]<\/p>\n","protected":false},"author":4,"featured_media":0,"comment_status":"closed","ping_status":"closed","sticky":false,"template":"","format":"standard","meta":{"_seopress_robots_primary_cat":"none","_seopress_titles_title":"","_seopress_titles_desc":"","_seopress_robots_index":"","footnotes":""},"categories":[1],"tags":[],"class_list":["post-969","post","type-post","status-publish","format-standard","hentry","category-sin-categorizar"],"featured_image_src":{"landsacpe":false,"list":false,"medium":false,"full":false},"_links":{"self":[{"href":"https:\/\/asesoriapellicer.es\/ca\/wp-json\/wp\/v2\/posts\/969","targetHints":{"allow":["GET"]}}],"collection":[{"href":"https:\/\/asesoriapellicer.es\/ca\/wp-json\/wp\/v2\/posts"}],"about":[{"href":"https:\/\/asesoriapellicer.es\/ca\/wp-json\/wp\/v2\/types\/post"}],"author":[{"embeddable":true,"href":"https:\/\/asesoriapellicer.es\/ca\/wp-json\/wp\/v2\/users\/4"}],"replies":[{"embeddable":true,"href":"https:\/\/asesoriapellicer.es\/ca\/wp-json\/wp\/v2\/comments?post=969"}],"version-history":[{"count":0,"href":"https:\/\/asesoriapellicer.es\/ca\/wp-json\/wp\/v2\/posts\/969\/revisions"}],"wp:attachment":[{"href":"https:\/\/asesoriapellicer.es\/ca\/wp-json\/wp\/v2\/media?parent=969"}],"wp:term":[{"taxonomy":"category","embeddable":true,"href":"https:\/\/asesoriapellicer.es\/ca\/wp-json\/wp\/v2\/categories?post=969"},{"taxonomy":"post_tag","embeddable":true,"href":"https:\/\/asesoriapellicer.es\/ca\/wp-json\/wp\/v2\/tags?post=969"}],"curies":[{"name":"wp","href":"https:\/\/api.w.org\/{rel}","templated":true}]}}