{"id":965,"date":"2023-06-22T07:45:10","date_gmt":"2023-06-22T06:45:10","guid":{"rendered":"https:\/\/asesoriapellicer.es\/les-empreses-dhostaleria-poden-reduir-la-seva-quota-de-liae-pel-temps-que-van-sofrir-la-paralitzacio-de-la-seva-activitat-durant-la-pandemia\/"},"modified":"2023-06-22T07:45:10","modified_gmt":"2023-06-22T06:45:10","slug":"les-empreses-dhostaleria-poden-reduir-la-seva-quota-de-liae-pel-temps-que-van-sofrir-la-paralitzacio-de-la-seva-activitat-durant-la-pandemia","status":"publish","type":"post","link":"https:\/\/asesoriapellicer.es\/ca\/les-empreses-dhostaleria-poden-reduir-la-seva-quota-de-liae-pel-temps-que-van-sofrir-la-paralitzacio-de-la-seva-activitat-durant-la-pandemia\/","title":{"rendered":"Les empreses d\u2019hostaleria poden reduir la seva quota de l\u2019IAE pel temps que van sofrir la paralitzaci\u00f3 de la seva activitat durant la pand\u00e8mia"},"content":{"rendered":"<p>El Tribunal Suprem ha declarat en dues sent\u00e8ncies, que els negocis d\u2019hostaleria poden reduir la seva quota de l\u2019IAE de manera proporcional pel temps de paralitzaci\u00f3 de la seva activitat durant la pand\u00e8mia, i no \u00e9s necessari ni provar en particular la paralitzaci\u00f3 o tancament de l\u2019empresa, ni posar-ho en coneixement de l\u2019Administraci\u00f3. <\/p>\n<hr>\n<p> Volem informar-los que el Tribunal Suprem (TS) ha declarat, en dues sent\u00e8ncies de 30 de maig de 2023 que les empreses que es dediquen a l\u2019activitat d\u2019hostaleria i restauraci\u00f3 i que van haver de paralitzar la seva activitat, tancant les seves instal\u00b7lacions, a conseq\u00fc\u00e8ncia de l\u2019ordenat en el Reial decret 463\/2020, de 14 de mar\u00e7, que va declarar l\u2019estat d\u2019alarma per la crisi sanit\u00e0ria ocasionada per la COVID-19 <strong>poden beneficiar-se d\u2019una reducci\u00f3 en la quota de l\u2019impost sobre activitats econ\u00f2miques (IAE)<\/strong>, que exigeixen els ajuntaments, <strong>proporcional al temps en qu\u00e8 van sofrir aquesta paralitzaci\u00f3 total<\/strong>. La pand\u00e8mia de COVID-19 ha tingut un impacte significatiu en l\u2019economia global, i un dels sectors m\u00e9s afectats ha estat el de l\u2019hostaleria. Els restaurants, bars i hotels han experimentat tancaments temporals, limitacions en la seva capacitat i una disminuci\u00f3 en la demanda a causa de les restriccions imposades per a contenir la propagaci\u00f3 del virus. El criteri del TS resulta generalitzable a tots aquells sectors econ\u00f2mics que, en el context de la COVID-19, es van veure obligats a deixar de dur a terme l\u2019activitat econ\u00f2mica per imposici\u00f3 de les normes sanit\u00e0ries aprovades. En aquest sentit, cal recordar que el Reial decret 463\/2020, de 14 de mar\u00e7, pel qual es declara l\u2019estat d\u2019alarma per a la gesti\u00f3 de la situaci\u00f3 sanit\u00e0ria ocasionada per la COVID-19, va imposar la suspensi\u00f3 de l\u2019obertura al p\u00fablic d\u2019una gran quantitat d\u2019activitats, incloses la restauraci\u00f3, l\u2019hostaleria, els espectacles, les activitats esportives, d\u2019oci i cultura, l\u2019activitat de joc i recreatives, els parcs d\u2019oci, i una part molt rellevant dels establiments detallistes, entre molts altres sectors. Aquesta suspensi\u00f3 es va mantenir durant diverses setmanes i en alguns casos no es va aixecar fins a la fi de l\u2019estat d\u2019alarma, el 21 de juny de 2020. A m\u00e9s, i aix\u00f2 \u00e9s positiu, el Tribunal Suprem tamb\u00e9 afirma que <strong>no \u00e9s necessari ni provar la paralitzaci\u00f3 o tancament de l\u2019empresa, ni posar en coneixement de l\u2019Administraci\u00f3 tal circumst\u00e0ncia<\/strong>, perqu\u00e8 ambdues deriven directament de la llei, que les imposa a conseq\u00fc\u00e8ncia de les mesures sanit\u00e0ries. Nom\u00e9s caldria provar que hi ha hagut una paralitzaci\u00f3 total de l\u2019activitat (si va haver-hi alguna activitat, com el lliurament a domicili, no es podria aplicar la reducci\u00f3). Hem d\u2019advertir que l\u2019anterior resulta aplicable quan <strong>estem davant un cessament total en l\u2019activitat<\/strong>, per la qual cosa en quedarien fora els per\u00edodes en qu\u00e8 l\u2019activitat es va poder realitzar de manera parcial (com serien els casos de reducci\u00f3 d\u2019aforaments a conseq\u00fc\u00e8ncia de les mesures adoptades despr\u00e9s de la finalitzaci\u00f3 de la suspensi\u00f3 d\u2019activitats, o si es va continuar duent a terme l\u2019activitat a domicili -en el cas de l\u2019hostaleria-). El Tribunal Suprem afirma que el tancament total (paralitzaci\u00f3 temporal i total obligat\u00f2ria de l\u2019activitat econ\u00f2mica), ordenat pel decret que va aprovar l\u2019estat d\u2019alarma, no determina, per si mateix, la inexist\u00e8ncia o no producci\u00f3 del fet imposable de l\u2019IAE. Sost\u00e9 que el que s\u2019ha d\u2019aplicar \u00e9s el <strong>r\u00e8gim de paralitzaci\u00f3 d\u2019ind\u00fastries que estableix l\u2019apartat 4 de la regla 14 del Reial decret legislatiu 1175\/1990<\/strong>, de 28 de setembre, per la qual s\u2019aproven les tarifes i la instrucci\u00f3 de l\u2019impost sobre activitats econ\u00f2miques, que suposa una rebaixa de la part proporcional de la quota, segons el temps en qu\u00e8 l\u2019empresa o activitat hagu\u00e9s deixat de funcionar.           En aquest context, \u00e9s <em>important analitzar com s\u2019ha abordat el pagament de l\u2019impost sobre activitats econ\u00f2miques (IAE) en les empreses d\u2019hostaleria durant la pand\u00e8mia, i les possibilitats de reclamaci\u00f3 que avui dia disposen els contribuents afectats<\/em>. <strong>Quins hostalers poden aplicar-se la reducci\u00f3 en la quota pel tancament de la seva activitat en la pand\u00e8mia?<\/strong> No totes les empreses del gremi hostaler podran beneficiar-se d\u2019aquesta exempci\u00f3, tenint en compte que cal veure els qui estan obligats a presentar la declaraci\u00f3 i els qui estan exempts de pagar l\u2019IAE. <strong>Contribuents obligats a presentar la declaraci\u00f3 de l\u2019IAE<\/strong><\/p>\n<ul>\n<li>Les entitats que realitzin una o diverses activitats econ\u00f2miques en territori espanyol i, l\u2019import net del volum de negocis (INVN) sigui <strong>igual o superior a 1.000.000 \u20ac<\/strong>. El model que s\u2019ha de presentar \u00e9s el 840 o l\u2019aprovat per l\u2019entitat local en el cas de quotes municipals la gesti\u00f3 de les quals estigui delegada a aquesta entitat local. <\/li>\n<li>Els contribuents per l\u2019impost sobre la renda de no residents, que operin a Espanya mitjan\u00e7ant <strong>establiment permanent<\/strong> i, que l\u2019import net del volum de negocis (INVN) sigui <strong>igual o superior a 1.000.000 \u20ac<\/strong>. El model que s\u2019ha de presentar \u00e9s el <strong>840<\/strong> o l\u2019aprovat per l\u2019entitat local en el cas de quotes municipals la gesti\u00f3 de les quals estigui delegada a aquesta entitat local. <\/li>\n<\/ul>\n<p> Per al <strong>c\u00e0lcul de l\u2019INVN<\/strong> del subjecte passiu es tindr\u00e0 en compte el conjunt d\u2019activitats econ\u00f2miques exercides per ell. En el cas d\u2019entitats que formen part d\u2019un grup de societats per conc\u00f3rrer alguna de les circumst\u00e0ncies considerades com a determinants de l\u2019exist\u00e8ncia de control, l\u2019INVN es referir\u00e0 al conjunt d\u2019entitats pertanyents a aquest grup, amb independ\u00e8ncia de l\u2019obligaci\u00f3 o no de consolidaci\u00f3 comptable. En el cas de contribuents per l\u2019impost sobre la renda de no residents, s\u2019atendr\u00e0 l\u2019INVN imputable al conjunt dels establiments permanents situats en territori espanyol.   <strong>Estan exempts i no estan obligats a presentar la declaraci\u00f3 de l\u2019IAE<\/strong><\/p>\n<ol>\n<li>L\u2019<strong>Estat, les comunitats aut\u00f2nomes i les entitats locals<\/strong>, aix\u00ed com els organismes aut\u00f2noms de l\u2019Estat i les entitats de dret p\u00fablic d\u2019an\u00e0leg car\u00e0cter de les comunitats aut\u00f2nomes i de les entitats locals.<\/li>\n<li>Les entitats que <strong>inici\u00efn<\/strong> l\u2019exercici de la seva activitat en territori espanyol, estan exemptes durant els <strong>dos primers per\u00edodes impositius<\/strong>. A aquest efecte, no es considerar\u00e0 que s\u2019ha produ\u00eft l\u2019inici de l\u2019exercici d\u2019una activitat quan aquesta s\u2019hagi desenvolupat anteriorment sota una altra titularitat. Aix\u00f2 ocorre, entre altres sup\u00f2sits, en els casos de fusi\u00f3, escissi\u00f3 o aportaci\u00f3 de branques d\u2019activitat.  <\/li>\n<\/ol>\n<p> En el cas d\u2019entitats que inici\u00efn l\u2019exercici de l\u2019activitat i gaudeixin d\u2019aquesta exempci\u00f3, per\u00f2, a m\u00e9s, duen a terme altres activitats per les quals han de presentar la declaraci\u00f3 de l\u2019IAE, quedarien obligades a presentar aquesta declaraci\u00f3. <\/p>\n<ol>\n<li value=\"3\"><strong>Les persones f\u00edsiques<\/strong>, siguin residents en territori espanyol o no.<\/li>\n<li>Les entitats que realitzin una o diverses activitats en territori espanyol i tinguin un import net del volum de negocis (INVN) inferior a 1.000.000 \u20ac.<\/li>\n<li>Els contribuents per l\u2019impost sobre la renda de no residents, que operin a Espanya mitjan\u00e7ant establiment permanent i tinguin un import net del volum de negocis (INVN) inferior a 1.000.000 \u20ac.<\/li>\n<li>Les <strong>entitats gestores de la Seguretat Social <\/strong>i les mutualitats de previsi\u00f3 social regulades en la Llei 30\/1995, de 8 de novembre, d\u2019ordenaci\u00f3 i supervisi\u00f3 de les assegurances privades.<\/li>\n<li>Els <strong>organismes p\u00fablics de recerca<\/strong>, els establiments d\u2019ensenyament en tots els seus graus, costejats \u00edntegrament amb fons de l\u2019Estat, de les comunitats aut\u00f2nomes o de les entitats locals, o per fundacions declarades ben\u00e8fiques o d\u2019utilitat p\u00fablica i, els establiments d\u2019ensenyament en tots els seus graus que, sense tenir \u00e0nim de lucre, estiguessin en r\u00e8gim de concert educatiu. S\u2019ha de sol\u00b7licitar, a inst\u00e0ncies de part i es concedeix quan escaigui. <\/li>\n<li>Les <strong>associacions i fundacions de persones amb discapacitat <\/strong>f\u00edsica, ps\u00edquica i sensorial, sense \u00e0nim de lucre, per les activitats de car\u00e0cter pedag\u00f2gic, cient\u00edfic, assistencials i d\u2019ocupaci\u00f3 que, realitzin per a l\u2019ensenyament, educaci\u00f3, rehabilitaci\u00f3 i tutela de persones amb discapacitat. S\u2019ha de sol\u00b7licitar, a inst\u00e0ncies de part i es concedeix quan escaigui. <\/li>\n<li>La <strong>Creu Roja <\/strong>espanyola.<\/li>\n<li>Els subjectes passius als quals els sigui aplicable l\u2019exempci\u00f3 de l\u2019IAE en virtut de tractats o convenis internacionals.<\/li>\n<\/ol>\n<p><strong>Atenci\u00f3.<\/strong> Tots els subjectes passius estan exempts d\u2019IAE en els dos primers anys d\u2019inici de l\u2019activitat econ\u00f2mica, sense excepci\u00f3, per la qual cosa si hi estan subjectes i no exempts, <strong>no es tributa per aquest impost fins al tercer any d\u2019activitat<\/strong>. Tampoc tributen la totalitat de les persones f\u00edsiques ni les entitats amb un volum de negocis inferior al mili\u00f3 d\u2019euros, per la qual cosa, deixant al marge a les administracions p\u00fabliques, que tamb\u00e9 estan exemptes, resulta que <strong>els \u00fanics contribuents efectius de l\u2019IAE s\u00f3n les societats i altres entitats amb un volum de negocis igual o superior a 1.000.000 \u20ac<\/strong> (cal tenir en compte que per a c\u00e0lcul del l\u00edmit d\u20191.000.000 d\u2019euros es consideraran les societats de manera individual, amb independ\u00e8ncia de la seva obligaci\u00f3 de presentar comptes consolidats).  <strong><em>En el cas que hagi pagat l\u2019IAE, nosaltres l\u2019ajudem a analitzar les possibilitats de recuperaci\u00f3 parcial de les quotes de l\u2019IAE de l\u2019exercici 2020 i la millor estrat\u00e8gia procedimental a seguir.<\/em><\/strong> Es poden posar en contacte amb aquest despatx professional per qualsevol dubte o aclariment que puguin tenir sobre aquesta q\u00fcesti\u00f3. Una salutaci\u00f3 cordial, <\/p>\n","protected":false},"excerpt":{"rendered":"<p>El Tribunal Suprem ha declarat en dues sent\u00e8ncies, que els negocis d\u2019hostaleria poden reduir la seva quota de l\u2019IAE de manera proporcional pel temps de paralitzaci\u00f3 de la seva activitat durant la pand\u00e8mia, i no \u00e9s necessari ni provar en particular la paralitzaci\u00f3 o tancament de l\u2019empresa, ni posar-ho en coneixement de l\u2019Administraci\u00f3. Volem informar-los [&hellip;]<\/p>\n","protected":false},"author":4,"featured_media":0,"comment_status":"closed","ping_status":"closed","sticky":false,"template":"","format":"standard","meta":{"_seopress_robots_primary_cat":"none","_seopress_titles_title":"","_seopress_titles_desc":"","_seopress_robots_index":"","footnotes":""},"categories":[1],"tags":[],"class_list":["post-965","post","type-post","status-publish","format-standard","hentry","category-sin-categorizar"],"featured_image_src":{"landsacpe":false,"list":false,"medium":false,"full":false},"_links":{"self":[{"href":"https:\/\/asesoriapellicer.es\/ca\/wp-json\/wp\/v2\/posts\/965","targetHints":{"allow":["GET"]}}],"collection":[{"href":"https:\/\/asesoriapellicer.es\/ca\/wp-json\/wp\/v2\/posts"}],"about":[{"href":"https:\/\/asesoriapellicer.es\/ca\/wp-json\/wp\/v2\/types\/post"}],"author":[{"embeddable":true,"href":"https:\/\/asesoriapellicer.es\/ca\/wp-json\/wp\/v2\/users\/4"}],"replies":[{"embeddable":true,"href":"https:\/\/asesoriapellicer.es\/ca\/wp-json\/wp\/v2\/comments?post=965"}],"version-history":[{"count":0,"href":"https:\/\/asesoriapellicer.es\/ca\/wp-json\/wp\/v2\/posts\/965\/revisions"}],"wp:attachment":[{"href":"https:\/\/asesoriapellicer.es\/ca\/wp-json\/wp\/v2\/media?parent=965"}],"wp:term":[{"taxonomy":"category","embeddable":true,"href":"https:\/\/asesoriapellicer.es\/ca\/wp-json\/wp\/v2\/categories?post=965"},{"taxonomy":"post_tag","embeddable":true,"href":"https:\/\/asesoriapellicer.es\/ca\/wp-json\/wp\/v2\/tags?post=965"}],"curies":[{"name":"wp","href":"https:\/\/api.w.org\/{rel}","templated":true}]}}