{"id":964,"date":"2023-06-22T07:45:50","date_gmt":"2023-06-22T06:45:50","guid":{"rendered":"https:\/\/asesoriapellicer.es\/fins-al-30-de-juny-pot-modificar-la-base-de-cotitzacio-com-a-autonom-2023\/"},"modified":"2023-06-22T07:45:50","modified_gmt":"2023-06-22T06:45:50","slug":"fins-al-30-de-juny-pot-modificar-la-base-de-cotitzacio-com-a-autonom-2023","status":"publish","type":"post","link":"https:\/\/asesoriapellicer.es\/ca\/fins-al-30-de-juny-pot-modificar-la-base-de-cotitzacio-com-a-autonom-2023\/","title":{"rendered":"Fins al 30 de juny pot modificar la base de cotitzaci\u00f3 com a aut\u00f2nom 2023"},"content":{"rendered":"<p>Li recordem que t\u00e9 l\u2019oportunitat de modificar la base de cotitzaci\u00f3 del r\u00e8gim especial de treballadors aut\u00f2noms (RETA) i la quota a pagar i ajustar-la als seus ingressos reals, dins dels l\u00edmits permesos segons edat, fins al 30 de juny de 2023. Aquesta modificaci\u00f3 tindr\u00e0 efectes a partir de l\u20191 de juliol de 2023.  <\/p>\n<hr>\n<p> Els aut\u00f2noms s\u00f3n els \u00fanics que poden triar la base per la qual cotitzen. Aquesta decisi\u00f3 \u00e9s molt important, ja que d\u2019ella depenen les seves prestacions presents i la seva futura pensi\u00f3. La base de cotitzaci\u00f3 es pot modificar f\u00e0cilment i de manera telem\u00e0tica a trav\u00e9s del sistema RED. No obstant aix\u00f2, cal tenir en compte els tr\u00e0mits i els per\u00edodes per a fer el canvi.    <strong>Atenci\u00f3.<\/strong> L\u2019elecci\u00f3 que es faci de la quota ser\u00e0 molt rellevant, perqu\u00e8 aquest \u00e9s el par\u00e0metre que marca la quantia de les prestacions que rebr\u00e0 l\u2019aut\u00f2nom en cas de malaltia, accident, atur, maternitat o jubilaci\u00f3. Li recordem que el passat 1 de gener va entrar en vigor el nou sistema de cotitzaci\u00f3 per a aut\u00f2noms en funci\u00f3 dels seus rendiments nets. Si \u00e9s aut\u00f2nom i necessita actualitzar la seva base de cotitzaci\u00f3, l\u2019haur\u00e0 d\u2019ajustar al tram corresponent pels seus nous rendiments. La pr\u00f2xima modificaci\u00f3 t\u00e9 efectes a partir de l\u20191 de juliol i es pot fer <strong>fins al pr\u00f2xim 30 de juny<\/strong>. Si al llarg de l\u2019any 2023 es preveu una variaci\u00f3 dels rendiments nets, ser\u00e0 possible seleccionar cada dos mesos una nova base de cotitzaci\u00f3 i, per tant, una nova quota adaptada als mateixos amb un <strong>m\u00e0xim de sis canvis a l\u2019any<\/strong>. Aquesta modificaci\u00f3 ser\u00e0 efectiva en les seg\u00fcents dates:      <\/p>\n<ul>\n<li>1 de mar\u00e7 de 2023, si la sol\u00b7licitud es formula entre l\u20191 de gener i l\u2019\u00faltim dia natural del mes de febrer.<\/li>\n<li>1 de maig de 2023, si la sol\u00b7licitud es formula entre l\u20191 de mar\u00e7 i el 30 d\u2019abril.<\/li>\n<li><strong>1 de juliol de 2023, si la sol\u00b7licitud es formula entre l\u20191 de maig i el 30 de juny.<\/strong><\/li>\n<li>1 de setembre de 2023, si la sol\u00b7licitud es formula entre l\u20191 de juliol i el 31 d\u2019agost.<\/li>\n<li>1 de novembre de 2023, si la sol\u00b7licitud es formula entre l\u20191 de setembre i el 31 d\u2019octubre.<\/li>\n<li>1 de gener de l\u2019any 2024, si la sol\u00b7licitud es formula entre l\u20191 de novembre i el 31 de desembre.<\/li>\n<\/ul>\n<p> Per tant, ara, <strong>fins al 30 de juny<\/strong> pot fer un canvi de tram si ho considera oport\u00fa. <strong>Cotitzaci\u00f3 basada en els rendiments obtinguts<\/strong> Des de la seva entrada en vigor i fins a 2025 s\u2019han dissenyat unes taules de cotitzaci\u00f3 transit\u00f2ries amb 15 trams de rendiments nets mensuals, que contenen les bases m\u00ednimes i m\u00e0ximes que s\u2019aplicaran en 2023, 2024 i 2025 en cada tram. A l\u2019efecte de determinar la base de cotitzaci\u00f3, es tindran en compte la totalitat dels rendiments nets obtinguts l\u2019any natural, en l\u2019exercici de les seves diferents activitats professionals o econ\u00f2miques, amb independ\u00e8ncia que les realitzin de manera individual o com a socis o integrants de qualsevol entitat, amb personalitat jur\u00eddica o sense, sempre que no hagin de figurar per elles en alta com a treballadors per compte d\u2019altri o assimilats a aquests. El rendiment net computable de cadascuna de les activitats exercides es calcular\u00e0 d\u2019acord amb el que es preveu a les normes de l\u2019IRPF i amb algunes particularitats en funci\u00f3 del col\u00b7lectiu al qual pertanyin.   <strong>Com calculo els meus rendiments?<\/strong> De l\u2019import resultant es deduir\u00e0 un 7% en concepte de despeses generals, excepte en els casos en qu\u00e8 el treballador aut\u00f2nom reuneixi les seg\u00fcents caracter\u00edstiques, on el percentatge ser\u00e0 del 3%: <\/p>\n<ul>\n<li>Administrador de societats mercantils capitalistes la participaci\u00f3 de les quals sigui major o igual al 25%.<\/li>\n<li>Soci en una societat mercantil capitalista amb una participaci\u00f3 m\u00e9s gran o igual al 33%.<\/li>\n<\/ul>\n<p> Per a l\u2019aplicaci\u00f3 del percentatge indicat del 3%, n\u2019hi haur\u00e0 prou amb haver figurat noranta dies en alta en aquest r\u00e8gim especial, durant el per\u00edode a regularitzar, en qualsevol dels sup\u00f2sits citats anteriorment. Partint de la mitjana mensual d\u2019aquests rendiments nets anuals, se seleccionar\u00e0 la base de cotitzaci\u00f3 que determinar\u00e0 la quota a pagar. Anualment, la Llei de pressupostos generals de l\u2019Estat establir\u00e0 una taula general i una de redu\u00efda de bases de cotitzaci\u00f3 que es dividiran en trams consecutius d\u2019imports de rendiments nets mensuals als quals s\u2019assignaran, per cada tram, unes bases de cotitzaci\u00f3 m\u00e0xima i m\u00ednima mensual. En la seg\u00fcent taula es poden consultar aquests nous trams de rendiments i les seves corresponents bases de cotitzaci\u00f3 per als pr\u00f2xims tres anys:    <\/p>\n<table>\n<tbody>\n<tr>\n<td colspan=\"5\"><strong>Taula de rendiments i bases de cotitzaci\u00f3.<\/strong><\/p>\n<p><strong>Taula redu\u00efda<\/strong><\/td>\n<\/tr>\n<tr>\n<td colspan=\"2\"><strong>Trams de rendiments nets<\/strong><\/td>\n<td><strong>2023 Trams base de cotitzaci\u00f3<\/strong><strong>Base m\u00ednima-Base m\u00e0xima<\/strong><strong>Euros\/mes<\/strong><\/td>\n<td><strong>2024 Trams base de cotitzaci\u00f3<\/strong><strong>Base m\u00ednima-Base m\u00e0xima<\/strong><strong>Euros\/mes<\/strong><\/td>\n<td><strong>2025 Trams base de cotitzaci\u00f3<\/strong><strong>Base m\u00ednima-Base m\u00e0xima<\/strong><strong>Euros\/mes<\/strong><\/td>\n<\/tr>\n<tr>\n<td><strong>1<\/strong><\/td>\n<td><strong>&lt;= 670 \u20ac<\/strong><\/td>\n<td>751,63 \u2013 849,66<\/td>\n<td>753,29 \u2013 816,98<\/td>\n<td>653,59 \u2013 718,94<\/td>\n<\/tr>\n<tr>\n<td><strong>2<\/strong><\/td>\n<td><strong>&gt; 670 i &lt;= 900 \u20ac<\/strong><\/td>\n<td>849,67 \u2013 900<\/td>\n<td>816,99 \u2013 900<\/td>\n<td>718.95 \u2013 900<\/td>\n<\/tr>\n<tr>\n<td><strong>3<\/strong><\/td>\n<td><strong>&gt; 900 i &lt; 1.166,70 \u20ac<\/strong><\/td>\n<td>898,69 \u2013 1.166,70<\/td>\n<td>872,55 \u2013 1.166,70<\/td>\n<td>849,67 \u2013 1.166,70<\/td>\n<\/tr>\n<\/tbody>\n<\/table>\n<table>\n<tbody>\n<tr>\n<td colspan=\"5\"><strong>Taula de rendiments i bases de cotitzaci\u00f3.<\/strong><\/p>\n<p><strong>Taula general<\/strong><\/td>\n<\/tr>\n<tr>\n<td colspan=\"2\"><strong>Trams de rendiments nets<\/strong><\/td>\n<td><strong>2023 Trams base de cotitzaci\u00f3<\/strong><strong>Base m\u00ednima-Base m\u00e0xima<\/strong><strong>Euros\/mes<\/strong><\/td>\n<td><strong>2024 Trams base de cotitzaci\u00f3<\/strong><strong>Base m\u00ednima-Base m\u00e0xima<\/strong><strong>Euros\/mes<\/strong><\/td>\n<td><strong>2025 Trams base de cotitzaci\u00f3<\/strong><strong>Base m\u00ednima-Base m\u00e0xima<\/strong><strong>Euros\/mes<\/strong><\/td>\n<\/tr>\n<tr>\n<td><strong>1<\/strong><\/td>\n<td><strong>&gt;= 1.166,7 i &lt;= 1.300 \u20ac<\/strong><\/td>\n<td>950,98 \u2013 1.300<\/td>\n<td>950,98 \u2013 1.300<\/td>\n<td>950,98 \u2013 1.300<\/td>\n<\/tr>\n<tr>\n<td><strong>2<\/strong><\/td>\n<td><strong>&gt; 1.300 i &lt;= 1.500 \u20ac<\/strong><\/td>\n<td>960,78 \u2013 1.500<\/td>\n<td>960,78 \u2013 1.500<\/td>\n<td>960,78 \u2013 1.500<\/td>\n<\/tr>\n<tr>\n<td><strong>3<\/strong><\/td>\n<td><strong>&gt; 1.500 i &lt;= 1.700 \u20ac<\/strong><\/td>\n<td>960,78 \u2013 1.700<\/td>\n<td>960,78 \u2013 1.700<\/td>\n<td>960,78 \u2013 1.700<\/td>\n<\/tr>\n<tr>\n<td><strong>4<\/strong><\/td>\n<td><strong>&gt; 1.700 i &lt;= 1.850 \u20ac<\/strong><\/td>\n<td>1.013,07 \u2013 1.850<\/td>\n<td>1.045,75 \u2013 1.850<\/td>\n<td>1.143,79 \u2013 1.850<\/td>\n<\/tr>\n<tr>\n<td><strong>5<\/strong><\/td>\n<td><strong>&gt; 1.850 i &lt;= 2.030 \u20ac<\/strong><\/td>\n<td>1.029,41 \u2013 2.030<\/td>\n<td>1.062,09 \u2013 2.030<\/td>\n<td>1.209,15 \u2013 2.030<\/td>\n<\/tr>\n<tr>\n<td><strong>6<\/strong><\/td>\n<td><strong>&gt; 2.030 i &lt;= 2.330 \u20ac<\/strong><\/td>\n<td>1.045,75 \u2013 2.330<\/td>\n<td>1.078,43 \u2013 2.330<\/td>\n<td>1.274,51 \u2013 2.330<\/td>\n<\/tr>\n<tr>\n<td><strong>7<\/strong><\/td>\n<td><strong>&gt; 2.330 i &lt;= 2.760 \u20ac<\/strong><\/td>\n<td>1.078,43 \u2013 2.760<\/td>\n<td>1.111,11 \u2013 2.760<\/td>\n<td>1.356,21 \u2013 2.760<\/td>\n<\/tr>\n<tr>\n<td><strong>8<\/strong><\/td>\n<td><strong>&gt; 2.760 i &lt;= 3.190 \u20ac<\/strong><\/td>\n<td>1.143,79 \u2013 3.190<\/td>\n<td>1.176,47 \u2013 3.190<\/td>\n<td>1.437,91 \u2013 3.190<\/td>\n<\/tr>\n<tr>\n<td><strong>9<\/strong><\/td>\n<td><strong>&gt; 3.190 i &lt;= 3.620 \u20ac<\/strong><\/td>\n<td>1.209,15 \u2013 3.620<\/td>\n<td>1.241,83 \u2013 3.620<\/td>\n<td>1.519,61 \u2013 3.620<\/td>\n<\/tr>\n<tr>\n<td><strong>10<\/strong><\/td>\n<td><strong>&gt; 3.620 i &lt;= 4.050 \u20ac<\/strong><\/td>\n<td>1.274,51 \u2013 4.050<\/td>\n<td>1.307,19 \u2013 4.050<\/td>\n<td>1.601,31 \u2013 4.050<\/td>\n<\/tr>\n<tr>\n<td><strong>11<\/strong><\/td>\n<td><strong>&gt; 4.050 i &lt;= 6.000 \u20ac<\/strong><\/td>\n<td>1.372,55 \u2013 4.495,50<\/td>\n<td>1.454,25 \u2013 4.139,40<\/td>\n<td>1.732,03 \u2013 4.139,40<\/td>\n<\/tr>\n<tr>\n<td><strong>12<\/strong><\/td>\n<td><strong>&gt; 6.000 \u20ac<\/strong><\/td>\n<td>1.633,99 \u2013 4.495,50<\/td>\n<td>1.732,03 \u2013 4.139,40<\/td>\n<td>1.928,10 \u2013 4.139,40<\/td>\n<\/tr>\n<\/tbody>\n<\/table>\n<p><strong>Qu\u00e8 passa si trio una base de cotitzaci\u00f3 que finalment no es correspon amb els meus rendiments definitius?<\/strong> Les bases mensuals triades cada any, tindran un car\u00e0cter provisional, fins que es faci la regularitzaci\u00f3 anual de la cotitzaci\u00f3. Finalitzat l\u2019any natural (en aquest cas 2023), l\u2019Administraci\u00f3 Tribut\u00e0ria facilitar\u00e0 a la Tresoreria informaci\u00f3 sobre els rendiments anuals reals percebuts. <strong>Si la quota triada durant l\u2019any fos inferior<\/strong> a l\u2019associada als rendiments comunicats per l\u2019Administraci\u00f3 Tribut\u00e0ria corresponent, es notificar\u00e0 al treballador l\u2019import de la difer\u00e8ncia. Aquest import haur\u00e0 de ser abonat abans de l\u2019\u00faltim dia del mes seg\u00fcent a aquell en qu\u00e8 s\u2019hagi rebut la notificaci\u00f3 amb el resultat de la regularitzaci\u00f3. Si, per contra, <strong>la cotitzaci\u00f3 fos superior<\/strong> a la corresponent a la base m\u00e0xima del tram en el qual estiguin compresos els rendiments, la Tresoreria reintegrar\u00e0 la difer\u00e8ncia abans del 30 d\u2019abril de l\u2019exercici seg\u00fcent a aquell en el qual la corresponent Administraci\u00f3 Tribut\u00e0ria hagi comunicat els rendiments computables. Si est\u00e0 interessat a modificar la base de cotitzaci\u00f3, els agrair\u00edem que ens ho fessin saber amb la m\u00e0xima antelaci\u00f3 possible.     Es poden posar en contacte amb aquest despatx professional per qualsevol dubte o aclariment que puguin tenir sobre aquesta q\u00fcesti\u00f3. Una salutaci\u00f3 cordial, <\/p>\n","protected":false},"excerpt":{"rendered":"<p>Li recordem que t\u00e9 l\u2019oportunitat de modificar la base de cotitzaci\u00f3 del r\u00e8gim especial de treballadors aut\u00f2noms (RETA) i la quota a pagar i ajustar-la als seus ingressos reals, dins dels l\u00edmits permesos segons edat, fins al 30 de juny de 2023. Aquesta modificaci\u00f3 tindr\u00e0 efectes a partir de l\u20191 de juliol de 2023. Els [&hellip;]<\/p>\n","protected":false},"author":4,"featured_media":0,"comment_status":"closed","ping_status":"closed","sticky":false,"template":"","format":"standard","meta":{"_seopress_robots_primary_cat":"none","_seopress_titles_title":"","_seopress_titles_desc":"","_seopress_robots_index":"","footnotes":""},"categories":[1],"tags":[],"class_list":["post-964","post","type-post","status-publish","format-standard","hentry","category-sin-categorizar"],"featured_image_src":{"landsacpe":false,"list":false,"medium":false,"full":false},"_links":{"self":[{"href":"https:\/\/asesoriapellicer.es\/ca\/wp-json\/wp\/v2\/posts\/964","targetHints":{"allow":["GET"]}}],"collection":[{"href":"https:\/\/asesoriapellicer.es\/ca\/wp-json\/wp\/v2\/posts"}],"about":[{"href":"https:\/\/asesoriapellicer.es\/ca\/wp-json\/wp\/v2\/types\/post"}],"author":[{"embeddable":true,"href":"https:\/\/asesoriapellicer.es\/ca\/wp-json\/wp\/v2\/users\/4"}],"replies":[{"embeddable":true,"href":"https:\/\/asesoriapellicer.es\/ca\/wp-json\/wp\/v2\/comments?post=964"}],"version-history":[{"count":0,"href":"https:\/\/asesoriapellicer.es\/ca\/wp-json\/wp\/v2\/posts\/964\/revisions"}],"wp:attachment":[{"href":"https:\/\/asesoriapellicer.es\/ca\/wp-json\/wp\/v2\/media?parent=964"}],"wp:term":[{"taxonomy":"category","embeddable":true,"href":"https:\/\/asesoriapellicer.es\/ca\/wp-json\/wp\/v2\/categories?post=964"},{"taxonomy":"post_tag","embeddable":true,"href":"https:\/\/asesoriapellicer.es\/ca\/wp-json\/wp\/v2\/tags?post=964"}],"curies":[{"name":"wp","href":"https:\/\/api.w.org\/{rel}","templated":true}]}}